{"id":5251,"date":"2020-11-18T23:13:26","date_gmt":"2020-11-18T22:13:26","guid":{"rendered":"https:\/\/webhosting.de\/?p=5251"},"modified":"2020-11-19T16:57:03","modified_gmt":"2020-11-19T15:57:03","slug":"telefonica-alemania-discapacitados-red-3g-fin-2021","status":"publish","type":"post","link":"https:\/\/webhosting.de\/es\/telefonica-deutschland-deaktiviert-3g-netz-ende-2021\/","title":{"rendered":"Telef\u00f3nica Alemania desactiva la red 3G a finales de 2021"},"content":{"rendered":"<p class=\"wp-block-paragraph\">Algunas regiones de Alemania, aunque ya se dispone de 5G y Huawei ha comenzado recientemente a desarrollar la <a href=\"https:\/\/webhosting.de\/es\/el-telefono-movil-estandar-de-5-5g-en-la-planificacion-de-huawei-ready\/\">5.5G Est\u00e1ndares m\u00f3viles<\/a> ha comenzado, algunas regiones todav\u00eda se suministran con 3G. Vodafone y el alem\u00e1n <a href=\"https:\/\/webhosting.de\/es\/telekom-sperrt-emailversand-von-den-meisten-webhostern\/\">Telekom<\/a> han anunciado que cerrar\u00e1n sus redes 3G el 30 de junio de 2021. Telef\u00f3nica Deutschland, por otro lado, originalmente ten\u00eda la intenci\u00f3n de seguir operando la red 3G hasta el final de 2022. Ahora la compa\u00f1\u00eda ha decidido que la tecnolog\u00eda 3G, de 20 a\u00f1os de antig\u00fcedad, se apagar\u00e1 a finales de 2021.<\/p>\n\n\n\n<p class=\"wp-block-paragraph\">Seg\u00fan Telef\u00f3nica Alemania, el 97 por ciento de los 44 millones de clientes tienen un terminal con capacidad 4G. Actualmente, m\u00e1s del 90 por ciento del tr\u00e1fico de datos m\u00f3viles ya se gestiona a trav\u00e9s de 4G, en 2016 la proporci\u00f3n era s\u00f3lo del 40 por ciento. Por lo tanto, la red 3G, que sigue activa, es cada vez menos importante.<\/p>\n\n\n\n<h2 class=\"wp-block-heading\" id=\"h-18-000-standorten-in-deutschland\">18.000 lugares en Alemania<\/h2>\n\n\n\n<p class=\"wp-block-paragraph\">Telef\u00f3nica opera alrededor de 18.000 lugares en Alemania. Se prev\u00e9 que una gran parte de la conversi\u00f3n a 4G tenga lugar en el segundo semestre de 2021, mientras que un peque\u00f1o n\u00famero de los sitios se actualizar\u00e1 en el a\u00f1o en curso. Seg\u00fan Telef\u00f3nica, s\u00f3lo habr\u00e1 breves interrupciones en la disponibilidad de la red, porque el espectro de frecuencias de 2.100 MHz que ya se utiliza para 3G s\u00f3lo se convertir\u00e1 para que pueda ser utilizado adicionalmente para 4G.<\/p>\n\n\n\n<figure class=\"wp-block-image size-large\"><img fetchpriority=\"high\" decoding=\"async\" width=\"1024\" height=\"576\" src=\"https:\/\/webhosting.de\/wp-content\/uploads\/2020\/11\/2-1260.e39721e31-1024x576.jpg\" alt=\"\" class=\"wp-image-5253\" srcset=\"https:\/\/webhosting.de\/wp-content\/uploads\/2020\/11\/2-1260.e39721e31-1024x576.jpg 1024w, https:\/\/webhosting.de\/wp-content\/uploads\/2020\/11\/2-1260.e39721e31-300x169.jpg 300w, https:\/\/webhosting.de\/wp-content\/uploads\/2020\/11\/2-1260.e39721e31-768x432.jpg 768w, https:\/\/webhosting.de\/wp-content\/uploads\/2020\/11\/2-1260.e39721e31-16x9.jpg 16w, https:\/\/webhosting.de\/wp-content\/uploads\/2020\/11\/2-1260.e39721e31.jpg 1260w\" sizes=\"(max-width: 1024px) 100vw, 1024px\" \/><figcaption>El espectro de frecuencia de 2.100 MHz se utiliza para 4G.<\/figcaption><\/figure>\n\n\n\n<h2 class=\"wp-block-heading\" id=\"h-maximale-datenrate-von-225-mbit-s\">Velocidad m\u00e1xima de datos de 225 Mbit\/s<\/h2>\n\n\n\n<p class=\"wp-block-paragraph\">El cambio a 4G permite una velocidad m\u00e1xima de datos de 225 Mbps. Esto tambi\u00e9n permite la transmisi\u00f3n m\u00f3vil de videos y <a href=\"https:\/\/webhosting.de\/es\/podcasts-historias-emocionantes-analisis-imaginativos-y-entrevistas-fascinantes\/\">podcasts<\/a> y otras aplicaciones hambrientas de ancho de banda. En la antigua red 3G, la velocidad m\u00e1xima de descarga en condiciones \u00f3ptimas era de 42,2 Mbps. Seg\u00fan Telef\u00f3nica, la conversi\u00f3n de los sitios tambi\u00e9n reducir\u00e1 el consumo de energ\u00eda hasta en un 90 por ciento y mejorar\u00e1 significativamente la calidad de la voz gracias a Voice over LTE (VoLTE).<\/p>\n\n\n\n<h2 class=\"wp-block-heading\" id=\"h-telefonie-und-m2m-weiterhin-ber-2g-m-glich\">La telefon\u00eda y el M2M todav\u00eda son posibles sobre 2G<\/h2>\n\n\n\n<p class=\"wp-block-paragraph\">Los clientes de Telef\u00f3nica Deutschland que s\u00f3lo quieren hacer llamadas m\u00f3viles y no tienen una tarifa de datos pueden seguir usando la red 2G. Esto seguir\u00e1 funcionando en paralelo a la red 4G y 5G para ofrecer servicios como el de m\u00e1quina a m\u00e1quina (M2M) y <a href=\"https:\/\/webhosting.de\/es\/e-mail-von-webhosting-account-trennen\/\">Correo electr\u00f3nico<\/a> para poder ofrecer.<\/p>\n\n\n\n<p class=\"wp-block-paragraph\">Esto significa que el cambio s\u00f3lo afectar\u00e1 a los clientes que hasta ahora han <a href=\"https:\/\/webhosting.de\/es\/personenbezogene-daten-sozialen-netzwerken\/\">Datos<\/a> sobre 3G. Si es necesario, los clientes de Telef\u00f3nica Alemania reciben una tarjeta SIM gratuita y opciones de hardware. Los t\u00e9rminos del contrato y el n\u00famero de tel\u00e9fono personal no se ven afectados por el cambio de tecnolog\u00eda.<\/p>","protected":false},"excerpt":{"rendered":"<p>Telef\u00f3nica Deutschland (O2) desactivar\u00e1 la red 3G a finales de 2021. Esto implicar\u00e1 la conversi\u00f3n de 18.000 ubicaciones a 4G.<\/p>","protected":false},"author":2,"featured_media":5252,"comment_status":"open","ping_status":"open","sticky":false,"template":"","format":"standard","meta":{"_acf_changed":false,"_crdt_document":"","inline_featured_image":false,"footnotes":""},"categories":[1],"tags":[899,900,876,901],"class_list":["post-5251","post","type-post","status-publish","format-standard","has-post-thumbnail","hentry","category-uncategorized","tag-3g","tag-4g","tag-mobilfunk","tag-telefonica"],"acf":[],"_wp_attached_file":null,"_wp_attachment_metadata":null,"litespeed-optimize-size":null,"litespeed-optimize-set":null,"_elementor_source_image_hash":null,"_wp_attachment_image_alt":null,"stockpack_author_name":null,"stockpack_author_url":null,"stockpack_provider":null,"stockpack_image_url":null,"stockpack_license":null,"stockpack_license_url":null,"stockpack_modification":null,"color":null,"original_id":null,"original_url":null,"original_link":null,"unsplash_location":null,"unsplash_sponsor":null,"unsplash_exif":null,"unsplash_attachment_metadata":null,"_elementor_is_screenshot":null,"surfer_file_name":null,"surfer_file_original_url":null,"envato_tk_source_kit":null,"envato_tk_source_index":null,"envato_tk_manifest":null,"envato_tk_folder_name":null,"envato_tk_builder":null,"envato_elements_download_event":null,"_menu_item_type":null,"_menu_item_menu_item_parent":null,"_menu_item_object_id":null,"_menu_item_object":null,"_menu_item_target":null,"_menu_item_classes":null,"_menu_item_xfn":null,"_menu_item_url":null,"_trp_menu_languages":null,"rank_math_primary_category":"754","rank_math_title":null,"inline_featured_image":null,"_yoast_wpseo_primary_category":"754","rank_math_schema_blogposting":null,"rank_math_schema_videoobject":null,"_oembed_049c719bc4a9f89deaead66a7da9fddc":null,"_oembed_time_049c719bc4a9f89deaead66a7da9fddc":null,"_yoast_wpseo_focuskw":null,"_yoast_wpseo_linkdex":null,"_oembed_27e3473bf8bec795fbeb3a9d38489348":null,"_oembed_c3b0f6959478faf92a1f343d8f96b19e":null,"_trp_translated_slug_en_us":null,"_wp_desired_post_slug":null,"_yoast_wpseo_title":null,"tldname":null,"tldpreis":null,"tldrubrik":null,"tldpolicylink":null,"tldsize":null,"tldregistrierungsdauer":null,"tldtransfer":null,"tldwhoisprivacy":null,"tldregistrarchange":null,"tldregistrantchange":null,"tldwhoisupdate":null,"tldnameserverupdate":null,"tlddeletesofort":null,"tlddeleteexpire":null,"tldumlaute":null,"tldrestore":null,"tldsubcategory":null,"tldbildname":null,"tldbildurl":null,"tldclean":null,"tldcategory":null,"tldpolicy":null,"tldbesonderheiten":null,"tld_bedeutung":null,"_oembed_d167040d816d8f94c072940c8009f5f8":null,"_oembed_b0a0fa59ef14f8870da2c63f2027d064":null,"_oembed_4792fa4dfb2a8f09ab950a73b7f313ba":null,"_oembed_33ceb1fe54a8ab775d9410abf699878d":null,"_oembed_fd7014d14d919b45ec004937c0db9335":null,"_oembed_21a029d076783ec3e8042698c351bd7e":null,"_oembed_be5ea8a0c7b18e658f08cc571a909452":null,"_oembed_a9ca7a298b19f9b48ec5914e010294d2":null,"_oembed_f8db6b27d08a2bb1f920e7647808899a":null,"_oembed_168ebde5096e77d8a89326519af9e022":null,"_oembed_cdb76f1b345b42743edfe25481b6f98f":null,"_oembed_87b0613611ae54e86e8864265404b0a1":null,"_oembed_27aa0e5cf3f1bb4bc416a4641a5ac273":null,"_oembed_time_27aa0e5cf3f1bb4bc416a4641a5ac273":null,"_tldname":null,"_tldclean":null,"_tldpreis":null,"_tldcategory":null,"_tldsubcategory":null,"_tldpolicy":null,"_tldpolicylink":null,"_tldsize":null,"_tldregistrierungsdauer":null,"_tldtransfer":null,"_tldwhoisprivacy":null,"_tldregistrarchange":null,"_tldregistrantchange":null,"_tldwhoisupdate":null,"_tldnameserverupdate":null,"_tlddeletesofort":null,"_tlddeleteexpire":null,"_tldumlaute":null,"_tldrestore":null,"_tldbildname":null,"_tldbildurl":null,"_tld_bedeutung":null,"_tldbesonderheiten":null,"_oembed_ad96e4112edb9f8ffa35731d4098bc6b":null,"_oembed_8357e2b8a2575c74ed5978f262a10126":null,"_oembed_3d5fea5103dd0d22ec5d6a33eff7f863":null,"_eael_widget_elements":null,"_oembed_0d8a206f09633e3d62b95a15a4dd0487":null,"_oembed_time_0d8a206f09633e3d62b95a15a4dd0487":null,"_aioseo_description":null,"_eb_attr":null,"_eb_data_table":null,"_oembed_819a879e7da16dd629cfd15a97334c8a":null,"_oembed_time_819a879e7da16dd629cfd15a97334c8a":null,"_acf_changed":null,"_wpcode_auto_insert":null,"_edit_last":"1","_edit_lock":"1605802267:1","_oembed_e7b913c6c84084ed9702cb4feb012ddd":"{{unknown}}","_oembed_bfde9e10f59a17b85fc8917fa7edf782":"<iframe title=\"Theming Nextcloud in 37 seconds\" width=\"368\" height=\"207\" src=\"https:\/\/www.youtube.com\/embed\/wqRgeFXYUys?feature=oembed\" frameborder=\"0\" allow=\"accelerometer; autoplay; clipboard-write; encrypted-media; gyroscope; picture-in-picture\" allowfullscreen><\/iframe>","_oembed_time_bfde9e10f59a17b85fc8917fa7edf782":"1605801431","_oembed_03514b67990db061d7c4672de26dc514":null,"_oembed_time_03514b67990db061d7c4672de26dc514":null,"rank_math_news_sitemap_robots":"index","rank_math_robots":["index"],"_eael_post_view_count":"4604","_trp_automatically_translated_slug_ru_ru":null,"_trp_automatically_translated_slug_et":"telefonica-germany-deactivates-3g-network-end-2021","_trp_automatically_translated_slug_lv":"telefonica-germany-deaktivize-3g-network-end-2021","_trp_automatically_translated_slug_fr_fr":null,"_trp_automatically_translated_slug_en_us":null,"_wp_old_slug":null,"_trp_automatically_translated_slug_da_dk":null,"_trp_automatically_translated_slug_pl_pl":null,"_trp_automatically_translated_slug_es_es":null,"_trp_automatically_translated_slug_hu_hu":null,"_trp_automatically_translated_slug_fi":"telefonica-saksa-pois-kaeytoestae-3g-verkkoverkko-2021-loppuvuodesta","_trp_automatically_translated_slug_ja":"%e3%83%89%e3%82%a4%e3%83%84%e3%81%ae%e3%83%86%e3%83%ac%e3%83%95%e3%82%a9%e3%83%8b%e3%82%ab%e7%a4%be%e3%81%ae%e9%9a%9c%e5%ae%b3%e8%80%85%e7%94%a83g%e3%83%8d%e3%83%83%e3%83%88%e3%83%af%e3%83%bc%e3%82%af","_trp_automatically_translated_slug_lt_lt":null,"_elementor_edit_mode":null,"_elementor_template_type":null,"_elementor_version":null,"_elementor_pro_version":null,"_wp_page_template":"default","_elementor_page_settings":null,"_elementor_data":null,"_elementor_css":null,"_elementor_conditions":null,"_happyaddons_elements_cache":null,"_oembed_75446120c39305f0da0ccd147f6de9cb":null,"_oembed_time_75446120c39305f0da0ccd147f6de9cb":null,"_oembed_3efb2c3e76a18143e7207993a2a6939a":null,"_oembed_time_3efb2c3e76a18143e7207993a2a6939a":null,"_oembed_59808117857ddf57e478a31d79f76e4d":null,"_oembed_time_59808117857ddf57e478a31d79f76e4d":null,"_oembed_965c5b49aa8d22ce37dfb3bde0268600":null,"_oembed_time_965c5b49aa8d22ce37dfb3bde0268600":null,"_oembed_81002f7ee3604f645db4ebcfd1912acf":null,"_oembed_time_81002f7ee3604f645db4ebcfd1912acf":null,"_elementor_screenshot":null,"_oembed_7ea3429961cf98fa85da9747683af827":null,"_oembed_time_7ea3429961cf98fa85da9747683af827":null,"_elementor_controls_usage":null,"_elementor_page_assets":[],"_elementor_screenshot_failed":null,"theplus_transient_widgets":["tp-video-player"],"_eael_custom_js":null,"_wp_old_date":null,"_trp_automatically_translated_slug_it_it":null,"_trp_automatically_translated_slug_pt_pt":null,"_trp_automatically_translated_slug_zh_cn":null,"_trp_automatically_translated_slug_nl_nl":null,"_trp_automatically_translated_slug_pt_br":null,"_trp_automatically_translated_slug_sv_se":null,"rank_math_analytic_object_id":"666","rank_math_internal_links_processed":null,"_trp_automatically_translated_slug_ro_ro":null,"_trp_automatically_translated_slug_sk_sk":null,"_trp_automatically_translated_slug_bg_bg":null,"_trp_automatically_translated_slug_sl_si":null,"litespeed_vpi_list":["webhostinglogo.png"],"litespeed_vpi_list_mobile":["webhostinglogo.png"],"rank_math_seo_score":null,"rank_math_contentai_score":null,"ilj_limitincominglinks":null,"ilj_maxincominglinks":null,"ilj_limitoutgoinglinks":null,"ilj_maxoutgoinglinks":null,"ilj_limitlinksperparagraph":null,"ilj_linksperparagraph":null,"ilj_blacklistdefinition":null,"ilj_linkdefinition":["telefonie","m2m","telefonica"],"_eb_reusable_block_ids":null,"rank_math_focus_keyword":null,"rank_math_og_content_image":null,"_yoast_wpseo_metadesc":"Telef\u00f3nica Deutschland (O2) deaktiviert Ende 2021 das 3G-Netz. Dazu werden 18.000 Standorte auf 4G umger\u00fcstet.","_yoast_wpseo_content_score":"60","_yoast_wpseo_focuskeywords":"[]","_yoast_wpseo_keywordsynonyms":"[\"\"]","_yoast_wpseo_estimated-reading-time-minutes":null,"rank_math_description":"Telef\u00f3nica Deutschland (O2) deaktiviert Ende 2021 das 3G-Netz. Dazu werden 18.000 Standorte auf 4G umger\u00fcstet.","surfer_last_post_update":null,"surfer_last_post_update_direction":null,"surfer_keywords":null,"surfer_location":null,"surfer_draft_id":null,"surfer_permalink_hash":null,"surfer_scrape_ready":null,"_thumbnail_id":"5252","footnotes":null,"_links":{"self":[{"href":"https:\/\/webhosting.de\/es\/wp-json\/wp\/v2\/posts\/5251","targetHints":{"allow":["GET"]}}],"collection":[{"href":"https:\/\/webhosting.de\/es\/wp-json\/wp\/v2\/posts"}],"about":[{"href":"https:\/\/webhosting.de\/es\/wp-json\/wp\/v2\/types\/post"}],"author":[{"embeddable":true,"href":"https:\/\/webhosting.de\/es\/wp-json\/wp\/v2\/users\/2"}],"replies":[{"embeddable":true,"href":"https:\/\/webhosting.de\/es\/wp-json\/wp\/v2\/comments?post=5251"}],"version-history":[{"count":0,"href":"https:\/\/webhosting.de\/es\/wp-json\/wp\/v2\/posts\/5251\/revisions"}],"wp:featuredmedia":[{"embeddable":true,"href":"https:\/\/webhosting.de\/es\/wp-json\/wp\/v2\/media\/5252"}],"wp:attachment":[{"href":"https:\/\/webhosting.de\/es\/wp-json\/wp\/v2\/media?parent=5251"}],"wp:term":[{"taxonomy":"category","embeddable":true,"href":"https:\/\/webhosting.de\/es\/wp-json\/wp\/v2\/categories?post=5251"},{"taxonomy":"post_tag","embeddable":true,"href":"https:\/\/webhosting.de\/es\/wp-json\/wp\/v2\/tags?post=5251"}],"curies":[{"name":"wp","href":"https:\/\/api.w.org\/{rel}","templated":true}]}}