{"id":6389,"date":"2020-12-09T15:01:23","date_gmt":"2020-12-09T14:01:23","guid":{"rendered":"https:\/\/webhosting.de\/?p=6389"},"modified":"2025-02-19T18:54:32","modified_gmt":"2025-02-19T17:54:32","slug":"telecom-moechte-numero-uno-por-fibra-de-vidrio","status":"publish","type":"post","link":"https:\/\/webhosting.de\/es\/telekom-moechte-nummer-eins-bei-glasfaser-werden\/","title":{"rendered":"Telekom quiere convertirse en \"N\u00famero Uno en fibra \u00f3ptica\"."},"content":{"rendered":"<p class=\"wp-block-paragraph\">El alem\u00e1n <a href=\"https:\/\/webhosting.de\/es\/telekom-sperrt-emailversand-von-den-meisten-webhostern\/\">Telekom<\/a> dimiti\u00f3 durante el <a href=\"https:\/\/www.telekom.com\/de\/medien\/medienveranstaltungen\/termin-details\/netzetag-2020--614058\" target=\"_blank\" rel=\"noreferrer noopener nofollow\">D\u00eda de la red 2020<\/a> una mayor inversi\u00f3n en la expansi\u00f3n de FTTH. En la actualidad, la compa\u00f1\u00eda es capaz de llegar a unos 600.000 hogares directamente con conexiones directas de fibra \u00f3ptica, y pronto se ampliar\u00e1n otros dos millones de hogares cada a\u00f1o. Dentro de diez a\u00f1os, Telekom podr\u00eda as\u00ed proporcionar a Alemania FTTH en todo el pa\u00eds, pero s\u00f3lo si hay una cooperaci\u00f3n significativa dentro de la industria.<\/p>\n\n\n\n<figure class=\"wp-block-pullquote\"><blockquote><p>\"Queremos ser el n\u00famero uno en fibra \u00f3ptica\".<\/p><cite>Tim H\u00f6ttges, Director General de Deutsche Telekom<\/cite><\/blockquote><\/figure>\n\n\n\n<p class=\"wp-block-paragraph\">Seg\u00fan H\u00f6ttges, las inversiones de Telekom ascienden a unos 5.500 millones de euros al a\u00f1o. Una gran parte de esto se gasta en la expansi\u00f3n de la red. La empresa con sede en Bonn est\u00e1 invirtiendo as\u00ed m\u00e1s que sus competidores juntos. En el futuro, esta proporci\u00f3n podr\u00eda cambiar a\u00fan m\u00e1s porque <a href=\"https:\/\/webhosting.de\/es\/vodafone-stoppt-glasfaseroffensive\/\">Vodafone<\/a> recientemente un <a href=\"https:\/\/webhosting.de\/es\/vodafone-para-la-ofensiva-de-fibra-optica\/\">Detengan la ofensiva de la fibra \u00f3ptica<\/a> ha anunciado. &nbsp;<\/p>\n\n\n\n<figure class=\"wp-block-embed is-type-video is-provider-youtube wp-block-embed-youtube wp-embed-aspect-16-9 wp-has-aspect-ratio\"><div class=\"wp-block-embed__wrapper\">\n<iframe title=\"D\u00eda de la red en Telekom: antenas, banda ancha, fibra \u00f3ptica\" width=\"800\" height=\"450\" src=\"https:\/\/www.youtube.com\/embed\/6_NTa3VCRFo?feature=oembed\" frameborder=\"0\" allow=\"accelerometer; autoplay; clipboard-write; encrypted-media; gyroscope; picture-in-picture\" allowfullscreen><\/iframe>\n<\/div><\/figure>\n\n\n\n<h2 class=\"wp-block-heading\" id=\"h-vdsl-vectoring-als-zwischenschritt\">La vectorizaci\u00f3n del VDSL como un paso intermedio<\/h2>\n\n\n\n<p class=\"wp-block-paragraph\">Durante su presentaci\u00f3n, H\u00f6ttges defendi\u00f3 la decisi\u00f3n de Telekom de haber invertido en vectorizaci\u00f3n VDSL adem\u00e1s de en fibra \u00f3ptica en los \u00faltimos a\u00f1os. Seg\u00fan el director general de Deutsche Telekom, la actual pandemia de Covid 19 en particular muestra que la tecnolog\u00eda ha demostrado su eficacia. Como resultado, Deutsche Telekom fue capaz de proveer al 80 por ciento de sus clientes con 100 Mbit\/s o m\u00e1s.<\/p>\n\n\n\n<figure class=\"wp-block-pullquote\"><blockquote><p>\"La vectorizaci\u00f3n y la super-vectorizaci\u00f3n nos ayudaron a superar la crisis. Imagina si expandi\u00e9ramos el 20 por ciento con fibra \u00f3ptica y el resto tuviera que ver con menos.\"<\/p><cite>H\u00f6ttges<\/cite><\/blockquote><\/figure>\n\n\n\n<p class=\"wp-block-paragraph\">Sin embargo, Telekom ahora ve el paso intermedio a trav\u00e9s de la vectorizaci\u00f3n VDSL como completado. Adem\u00e1s de FTTH, el enfoque principal est\u00e1 ahora en la expansi\u00f3n de 5G.<\/p>\n\n\n\n<figure class=\"wp-block-pullquote\"><blockquote><p>\"FTTH\" es mi primera, segunda y tercera prioridad. Superpondremos la vectorizaci\u00f3n donde haya demanda. Si queremos expandir nuestra huella de FTTH, vamos a tener que sobreconstruir.\"<\/p><cite><br>Srini Gopalan, Director de Telekom Alemania<\/cite><\/blockquote><\/figure>\n\n\n\n<p class=\"wp-block-paragraph\">Por lo tanto, en principio, tambi\u00e9n es posible que las zonas en las que ya se dispone de 100 Mbit\/s o m\u00e1s a trav\u00e9s de la vectorizaci\u00f3n VDSL reciban pronto una conexi\u00f3n de fibra \u00f3ptica.<\/p>\n\n\n\n<h2 class=\"wp-block-heading\" id=\"h-zusammenarbeit-der-branche-entscheidend\">La cooperaci\u00f3n dentro de la industria es crucial<\/h2>\n\n\n\n<p class=\"wp-block-paragraph\">Seg\u00fan H\u00f6ttges, la cooperaci\u00f3n dentro de la industria es el factor m\u00e1s decisivo para el suministro de fibra \u00f3ptica a nivel nacional en Alemania. Como ejemplo de una cooperaci\u00f3n exitosa, el director general de los proyectos cita como ejemplo Glasfaser Nordwest, en el que participaron Telekom y EWE Netze. Desde principios de a\u00f1o, 12.000 hogares del norte de Alemania se han conectado a la red de fibra \u00f3ptica.<\/p>\n\n\n\n<p class=\"wp-block-paragraph\">Incluso empresas ajenas a la industria, como la Deutsche Bahn, que seguir\u00e1 <a href=\"https:\/\/webhosting.de\/es\/alemania-ferrocarril-suministro-de-montana-toda-la-red-con-fibra-optica\/\">Toda la red ferroviaria con fibra de vidrio<\/a> desempe\u00f1an un papel importante en el desarrollo de las zonas rurales.<\/p>\n\n\n\n<figure class=\"wp-block-pullquote\"><blockquote><p>\"Cooperaremos para que vaya m\u00e1s r\u00e1pido. Nuestras redes est\u00e1n abiertas. \u00bfNo ser\u00eda justo si pudi\u00e9ramos compartir la infraestructura con otros en igualdad de condiciones?\"<\/p><cite>H\u00f6ttges<\/cite><\/blockquote><\/figure>\n\n\n\n<h2 class=\"wp-block-heading\" id=\"h-glasfaserbaubau-in-deutschland-sehr-teuer\">La construcci\u00f3n de fibra de vidrio en Alemania es muy costosa<\/h2>\n\n\n\n<p class=\"wp-block-paragraph\">Adem\u00e1s de los largos procedimientos de aprobaci\u00f3n, los principales problemas asociados con la expansi\u00f3n de la fibra \u00f3ptica en Alemania son los altos <a href=\"https:\/\/webhosting.de\/es\/webhosting-wie-viel-darf-es-kosten\/\">Costos<\/a>.<\/p>\n\n\n\n<figure class=\"wp-block-pullquote\"><blockquote><p>\"La expansi\u00f3n de la fibra \u00f3ptica en Alemania es de dos a diez veces m\u00e1s cara que en otros pa\u00edses\".<\/p><cite>Gopalan<\/cite><\/blockquote><\/figure>\n\n\n\n<p class=\"wp-block-paragraph\">Aunque los m\u00e9todos modernos, como el microzancho, pueden reducirlos significativamente, hasta la fecha apenas se han utilizado. Por lo tanto, la Telekom desea que la excavaci\u00f3n de zanjas sea m\u00e1s popular en los pr\u00f3ximos a\u00f1os y as\u00ed permitir una expansi\u00f3n m\u00e1s r\u00e1pida a menores costos.<\/p>\n\n\n\n<h2 class=\"wp-block-heading\" id=\"h-f-rderung-in-l-ndlichen-regionen\">Apoyo en las zonas rurales<\/h2>\n\n\n\n<p class=\"wp-block-paragraph\">Telekom s\u00f3lo quiere usar los programas de subsidios del gobierno federal en las regiones rurales donde la expansi\u00f3n econ\u00f3mica no es posible de otra manera.<\/p>\n\n\n\n<figure class=\"wp-block-pullquote\"><blockquote><p>\"La promoci\u00f3n tiene perfecto sentido en \u00e1reas donde la gente no tiene infraestructura. Estamos completamente de acuerdo con Breko, Anga, VATM y Bitkom en la estrategia de financiaci\u00f3n.\"<\/p><cite>H\u00f6ttges<\/cite><\/blockquote><\/figure>\n\n\n\n<p class=\"wp-block-paragraph\">Adem\u00e1s, el Grupo est\u00e1 exigiendo acceso libre a todos los hogares alemanes para poder seguir adelante con la expansi\u00f3n de FTTH. Actualmente, la expansi\u00f3n est\u00e1 a menudo bloqueada por el llamado privilegio del cargo por servicio. Se trata de contratos exclusivos que los propietarios de inmuebles han celebrado con operadores de redes de cable.<\/p>\n\n\n\n<figure class=\"wp-block-pullquote\"><blockquote><p>\"El privilegio del cargo de servicio en Alemania debe desaparecer. Se remonta a la \u00e9poca de Kohl. Simplemente est\u00e1 desfasado.<\/p><cite>H\u00f6ttges<\/cite><\/blockquote><\/figure>","protected":false},"excerpt":{"rendered":"<p>Deutsche Telekom quiere convertirse en el n\u00famero uno en FTTH en los pr\u00f3ximos a\u00f1os.<\/p>","protected":false},"author":2,"featured_media":6390,"comment_status":"open","ping_status":"open","sticky":false,"template":"","format":"standard","meta":{"_acf_changed":false,"_crdt_document":"","inline_featured_image":false,"footnotes":""},"categories":[685],"tags":[916,96],"class_list":["post-6389","post","type-post","status-publish","format-standard","has-post-thumbnail","hentry","category-allgemein","tag-glasfaser","tag-telekom"],"acf":[],"_wp_attached_file":null,"_wp_attachment_metadata":null,"litespeed-optimize-size":null,"litespeed-optimize-set":null,"_elementor_source_image_hash":null,"_wp_attachment_image_alt":null,"stockpack_author_name":null,"stockpack_author_url":null,"stockpack_provider":null,"stockpack_image_url":null,"stockpack_license":null,"stockpack_license_url":null,"stockpack_modification":null,"color":null,"original_id":null,"original_url":null,"original_link":null,"unsplash_location":null,"unsplash_sponsor":null,"unsplash_exif":null,"unsplash_attachment_metadata":null,"_elementor_is_screenshot":null,"surfer_file_name":null,"surfer_file_original_url":null,"envato_tk_source_kit":null,"envato_tk_source_index":null,"envato_tk_manifest":null,"envato_tk_folder_name":null,"envato_tk_builder":null,"envato_elements_download_event":null,"_menu_item_type":null,"_menu_item_menu_item_parent":null,"_menu_item_object_id":null,"_menu_item_object":null,"_menu_item_target":null,"_menu_item_classes":null,"_menu_item_xfn":null,"_menu_item_url":null,"_trp_menu_languages":null,"rank_math_primary_category":"685","rank_math_title":null,"inline_featured_image":null,"_yoast_wpseo_primary_category":"692","rank_math_schema_blogposting":null,"rank_math_schema_videoobject":null,"_oembed_049c719bc4a9f89deaead66a7da9fddc":null,"_oembed_time_049c719bc4a9f89deaead66a7da9fddc":null,"_yoast_wpseo_focuskw":null,"_yoast_wpseo_linkdex":null,"_oembed_27e3473bf8bec795fbeb3a9d38489348":null,"_oembed_c3b0f6959478faf92a1f343d8f96b19e":null,"_trp_translated_slug_en_us":null,"_wp_desired_post_slug":null,"_yoast_wpseo_title":null,"tldname":null,"tldpreis":null,"tldrubrik":null,"tldpolicylink":null,"tldsize":null,"tldregistrierungsdauer":null,"tldtransfer":null,"tldwhoisprivacy":null,"tldregistrarchange":null,"tldregistrantchange":null,"tldwhoisupdate":null,"tldnameserverupdate":null,"tlddeletesofort":null,"tlddeleteexpire":null,"tldumlaute":null,"tldrestore":null,"tldsubcategory":null,"tldbildname":null,"tldbildurl":null,"tldclean":null,"tldcategory":null,"tldpolicy":null,"tldbesonderheiten":null,"tld_bedeutung":null,"_oembed_d167040d816d8f94c072940c8009f5f8":null,"_oembed_b0a0fa59ef14f8870da2c63f2027d064":null,"_oembed_4792fa4dfb2a8f09ab950a73b7f313ba":null,"_oembed_33ceb1fe54a8ab775d9410abf699878d":null,"_oembed_fd7014d14d919b45ec004937c0db9335":null,"_oembed_21a029d076783ec3e8042698c351bd7e":null,"_oembed_be5ea8a0c7b18e658f08cc571a909452":null,"_oembed_a9ca7a298b19f9b48ec5914e010294d2":null,"_oembed_f8db6b27d08a2bb1f920e7647808899a":null,"_oembed_168ebde5096e77d8a89326519af9e022":null,"_oembed_cdb76f1b345b42743edfe25481b6f98f":null,"_oembed_87b0613611ae54e86e8864265404b0a1":null,"_oembed_27aa0e5cf3f1bb4bc416a4641a5ac273":null,"_oembed_time_27aa0e5cf3f1bb4bc416a4641a5ac273":null,"_tldname":null,"_tldclean":null,"_tldpreis":null,"_tldcategory":null,"_tldsubcategory":null,"_tldpolicy":null,"_tldpolicylink":null,"_tldsize":null,"_tldregistrierungsdauer":null,"_tldtransfer":null,"_tldwhoisprivacy":null,"_tldregistrarchange":null,"_tldregistrantchange":null,"_tldwhoisupdate":null,"_tldnameserverupdate":null,"_tlddeletesofort":null,"_tlddeleteexpire":null,"_tldumlaute":null,"_tldrestore":null,"_tldbildname":null,"_tldbildurl":null,"_tld_bedeutung":null,"_tldbesonderheiten":null,"_oembed_ad96e4112edb9f8ffa35731d4098bc6b":null,"_oembed_8357e2b8a2575c74ed5978f262a10126":null,"_oembed_3d5fea5103dd0d22ec5d6a33eff7f863":null,"_eael_widget_elements":null,"_oembed_0d8a206f09633e3d62b95a15a4dd0487":null,"_oembed_time_0d8a206f09633e3d62b95a15a4dd0487":null,"_aioseo_description":null,"_eb_attr":null,"_eb_data_table":null,"_oembed_819a879e7da16dd629cfd15a97334c8a":null,"_oembed_time_819a879e7da16dd629cfd15a97334c8a":null,"_acf_changed":null,"_wpcode_auto_insert":null,"_edit_last":"1","_edit_lock":"1614697826:2","_oembed_e7b913c6c84084ed9702cb4feb012ddd":"{{unknown}}","_oembed_bfde9e10f59a17b85fc8917fa7edf782":null,"_oembed_time_bfde9e10f59a17b85fc8917fa7edf782":null,"_oembed_03514b67990db061d7c4672de26dc514":"<iframe title=\"Gaia X\" width=\"800\" height=\"450\" src=\"https:\/\/www.youtube.com\/embed\/NhqLt_NJ6FA?feature=oembed\" frameborder=\"0\" allow=\"accelerometer; autoplay; clipboard-write; encrypted-media; gyroscope; picture-in-picture\" allowfullscreen><\/iframe>","_oembed_time_03514b67990db061d7c4672de26dc514":"1607522486","rank_math_news_sitemap_robots":"index","rank_math_robots":["index"],"_eael_post_view_count":"4654","_trp_automatically_translated_slug_ru_ru":null,"_trp_automatically_translated_slug_et":"telekom-moechte-nummer-ein-be-glasfaser-werden","_trp_automatically_translated_slug_lv":"telekom-moechte-nummer-ein-be-glasfaser-werden","_trp_automatically_translated_slug_fr_fr":null,"_trp_automatically_translated_slug_en_us":null,"_wp_old_slug":null,"_trp_automatically_translated_slug_da_dk":null,"_trp_automatically_translated_slug_pl_pl":null,"_trp_automatically_translated_slug_es_es":null,"_trp_automatically_translated_slug_hu_hu":null,"_trp_automatically_translated_slug_fi":"telekom-moechte-nummer-ein-be-glasfaser-werden","_trp_automatically_translated_slug_ja":"%e3%83%86%e3%83%ac%e3%82%b3%e3%83%a0%e3%83%bb%e3%83%a1%e3%83%92%e3%83%86%e3%83%bb%e3%83%8a%e3%83%b3%e3%83%90%e3%83%bc%e3%83%af%e3%83%b3%e3%83%bb%e3%82%b0%e3%83%a9%e3%82%b9%e3%83%95%e3%82%a1%e3%82%a4","_trp_automatically_translated_slug_lt_lt":null,"_elementor_edit_mode":null,"_elementor_template_type":null,"_elementor_version":null,"_elementor_pro_version":null,"_wp_page_template":null,"_elementor_page_settings":null,"_elementor_data":null,"_elementor_css":null,"_elementor_conditions":null,"_happyaddons_elements_cache":null,"_oembed_75446120c39305f0da0ccd147f6de9cb":null,"_oembed_time_75446120c39305f0da0ccd147f6de9cb":null,"_oembed_3efb2c3e76a18143e7207993a2a6939a":null,"_oembed_time_3efb2c3e76a18143e7207993a2a6939a":null,"_oembed_59808117857ddf57e478a31d79f76e4d":null,"_oembed_time_59808117857ddf57e478a31d79f76e4d":null,"_oembed_965c5b49aa8d22ce37dfb3bde0268600":null,"_oembed_time_965c5b49aa8d22ce37dfb3bde0268600":null,"_oembed_81002f7ee3604f645db4ebcfd1912acf":"<iframe title=\"Netzetag bei der Telekom: Antennen, Breitband, Glasfaser\" width=\"800\" height=\"450\" src=\"https:\/\/www.youtube.com\/embed\/6_NTa3VCRFo?feature=oembed\" frameborder=\"0\" allow=\"accelerometer; autoplay; clipboard-write; encrypted-media; gyroscope; picture-in-picture\" allowfullscreen><\/iframe>","_oembed_time_81002f7ee3604f645db4ebcfd1912acf":"1607448032","_elementor_screenshot":null,"_oembed_7ea3429961cf98fa85da9747683af827":null,"_oembed_time_7ea3429961cf98fa85da9747683af827":null,"_elementor_controls_usage":null,"_elementor_page_assets":[],"_elementor_screenshot_failed":null,"theplus_transient_widgets":["tp-video-player"],"_eael_custom_js":null,"_wp_old_date":"2020-12-08","_trp_automatically_translated_slug_it_it":null,"_trp_automatically_translated_slug_pt_pt":null,"_trp_automatically_translated_slug_zh_cn":null,"_trp_automatically_translated_slug_nl_nl":null,"_trp_automatically_translated_slug_pt_br":null,"_trp_automatically_translated_slug_sv_se":null,"rank_math_analytic_object_id":"507","rank_math_internal_links_processed":null,"_trp_automatically_translated_slug_ro_ro":null,"_trp_automatically_translated_slug_sk_sk":null,"_trp_automatically_translated_slug_bg_bg":null,"_trp_automatically_translated_slug_sl_si":null,"litespeed_vpi_list":["webhostinglogo.png"],"litespeed_vpi_list_mobile":["webhostinglogo.png"],"rank_math_seo_score":null,"rank_math_contentai_score":null,"ilj_limitincominglinks":null,"ilj_maxincominglinks":null,"ilj_limitoutgoinglinks":null,"ilj_maxoutgoinglinks":null,"ilj_limitlinksperparagraph":null,"ilj_linksperparagraph":null,"ilj_blacklistdefinition":null,"ilj_linkdefinition":["telekom","glasfaser","dsl"],"_eb_reusable_block_ids":null,"rank_math_focus_keyword":null,"rank_math_og_content_image":null,"_yoast_wpseo_metadesc":"Die Deutsche Telekom m\u00f6chte in den kommenden Jahren die Nummer Eins bei FTTH werden.","_yoast_wpseo_content_score":"90","_yoast_wpseo_focuskeywords":"[]","_yoast_wpseo_keywordsynonyms":"[\"\"]","_yoast_wpseo_estimated-reading-time-minutes":null,"rank_math_description":"Die Deutsche Telekom m\u00f6chte in den kommenden Jahren die Nummer Eins bei FTTH werden.","surfer_last_post_update":null,"surfer_last_post_update_direction":null,"surfer_keywords":null,"surfer_location":null,"surfer_draft_id":null,"surfer_permalink_hash":null,"surfer_scrape_ready":null,"_thumbnail_id":"6390","footnotes":null,"_links":{"self":[{"href":"https:\/\/webhosting.de\/es\/wp-json\/wp\/v2\/posts\/6389","targetHints":{"allow":["GET"]}}],"collection":[{"href":"https:\/\/webhosting.de\/es\/wp-json\/wp\/v2\/posts"}],"about":[{"href":"https:\/\/webhosting.de\/es\/wp-json\/wp\/v2\/types\/post"}],"author":[{"embeddable":true,"href":"https:\/\/webhosting.de\/es\/wp-json\/wp\/v2\/users\/2"}],"replies":[{"embeddable":true,"href":"https:\/\/webhosting.de\/es\/wp-json\/wp\/v2\/comments?post=6389"}],"version-history":[{"count":1,"href":"https:\/\/webhosting.de\/es\/wp-json\/wp\/v2\/posts\/6389\/revisions"}],"predecessor-version":[{"id":8445,"href":"https:\/\/webhosting.de\/es\/wp-json\/wp\/v2\/posts\/6389\/revisions\/8445"}],"wp:featuredmedia":[{"embeddable":true,"href":"https:\/\/webhosting.de\/es\/wp-json\/wp\/v2\/media\/6390"}],"wp:attachment":[{"href":"https:\/\/webhosting.de\/es\/wp-json\/wp\/v2\/media?parent=6389"}],"wp:term":[{"taxonomy":"category","embeddable":true,"href":"https:\/\/webhosting.de\/es\/wp-json\/wp\/v2\/categories?post=6389"},{"taxonomy":"post_tag","embeddable":true,"href":"https:\/\/webhosting.de\/es\/wp-json\/wp\/v2\/tags?post=6389"}],"curies":[{"name":"wp","href":"https:\/\/api.w.org\/{rel}","templated":true}]}}