{"id":6469,"date":"2020-12-18T08:19:00","date_gmt":"2020-12-18T07:19:00","guid":{"rendered":"https:\/\/webhosting.de\/?p=6469"},"modified":"2020-12-17T18:42:54","modified_gmt":"2020-12-17T17:42:54","slug":"german-telecom-opens-ftth-network-for-vodafone","status":"publish","type":"post","link":"https:\/\/webhosting.de\/fr\/deutsche-telekom-oeffnet-ftth-netz-fuer-vodafone\/","title":{"rendered":"Deutsche Telekom ouvre un r\u00e9seau FTTH pour Vodafone"},"content":{"rendered":"<p class=\"wp-block-paragraph\"><a href=\"https:\/\/webhosting.de\/fr\/vodafone-stoppt-glasfaseroffensive\/\">Vodafone<\/a> a la possibilit\u00e9 d'utiliser l'infrastructure de la Deutsche B\u00f6rse AG via un contrat conditionnel depuis 2013. <a href=\"https:\/\/webhosting.de\/fr\/telekom-sperrt-emailversand-von-den-meisten-webhostern\/\">Telekom<\/a> des connexions r\u00e9seau fixes bas\u00e9es sur le VDSL avec (super) vectorisation. Les deux groupes ont maintenant prolong\u00e9 leur coop\u00e9ration de dix ans et l'ont \u00e9tendue au r\u00e9seau FTTH (Fibre to the Home) de Telekom. Vodafone pourra ainsi proposer \u00e0 ses clients des tarifs Internet dans lesquels m\u00eame la derni\u00e8re section du distributeur est trait\u00e9e par fibre optique au lieu de c\u00e2ble en cuivre.<\/p>\n\n\n\n<p class=\"wp-block-paragraph\">La coop\u00e9ration \u00e9largie semble \u00eatre une r\u00e9action \u00e0 la <a href=\"https:\/\/webhosting.de\/fr\/vodafone-stoppe-loffensive-de-la-fibre-optique\/\">Fin de l'offensive de la fibre optique<\/a> chez Vodafone, tandis que Deutsche Telekom a r\u00e9cemment annonc\u00e9 \"<a href=\"https:\/\/webhosting.de\/fr\/telecom-moechte-numero-un-pour-fibre-de-verre\/\">Num\u00e9ro un en mati\u00e8re de fibres optiques<\/a>\" de vouloir devenir.<\/p>\n\n\n\n<h2 class=\"wp-block-heading\" id=\"h-ziel-kunden-f-r-das-kabelnetz-gewinnen\">Objectif - Attirer les clients vers le r\u00e9seau c\u00e2bl\u00e9.<\/h2>\n\n\n\n<p class=\"wp-block-paragraph\">Malgr\u00e9 cette nouvelle coop\u00e9ration, Vodafone tente d'attirer davantage de clients sur son propre r\u00e9seau c\u00e2bl\u00e9, ce qui permet des b\u00e9n\u00e9fices nettement plus \u00e9lev\u00e9s par connexion. Au cours du dernier exercice financier, Vodafone a pu gagner 381 000 nouveaux clients du c\u00e2ble. 110 000 de ces nouveaux clients \u00e9taient des commutateurs DSL, c'est-\u00e0-dire des clients qui utilisaient auparavant le r\u00e9seau de Telekom.<\/p>\n\n\n\n<h2 class=\"wp-block-heading\" id=\"h-kooperation-soll-auslastung-der-glasfasernetze-erh-hen\">Coop\u00e9ration pour accro\u00eetre l'utilisation des r\u00e9seaux de fibres optiques<\/h2>\n\n\n\n<p class=\"wp-block-paragraph\">En plus de renforcer Vodafone dans les r\u00e9gions o\u00f9 la soci\u00e9t\u00e9 n'a pas encore \u00e9tendu son propre r\u00e9seau de fibre optique ou ne le fera pas, l'objectif principal de la coop\u00e9ration est d'accro\u00eetre l'utilisation du r\u00e9seau existant de Telekom. L'objectif est de faire en sorte que l'infrastructure puisse \u00eatre exploit\u00e9e de mani\u00e8re \u00e9conomique afin de financer une nouvelle expansion.<\/p>\n\n\n\n<figure class=\"wp-block-pullquote\"><blockquote><p>\"Nous nous assurons avec cette <a href=\"https:\/\/webhosting.de\/fr\/webhosting-webdesign-und-asp-vertrag-was-sind-die-unterschiede\/\">Contrat<\/a> l'utilisation de notre r\u00e9seau \u00e0 large bande. Et nous recevons des ressources financi\u00e8res que nous r\u00e9investissons dans l'expansion de nos r\u00e9seaux\".<\/p><cite>Dirk W\u00f6ssner, directeur de Telekom Allemagne<\/cite><\/blockquote><\/figure>\n\n\n\n<h2 class=\"wp-block-heading\" id=\"h-vodafone-ffnet-glasfasernetz-telef-nica\">Vodafone ouvre le r\u00e9seau de fibre optique Telef\u00f3nica<\/h2>\n\n\n\n<p class=\"wp-block-paragraph\">En outre, Vodafone a r\u00e9cemment conclu une coop\u00e9ration avec Telef\u00f3nica dans le secteur des r\u00e9seaux fixes. Dans le secteur de la t\u00e9l\u00e9phonie mobile, les deux entreprises et Deutsche Telekom travaillent ensemble depuis un certain temps pour stimuler l'expansion du r\u00e9seau. Cela est n\u00e9cessaire pour r\u00e9pondre aux exigences de l'Agence f\u00e9d\u00e9rale allemande des r\u00e9seaux (BNetzA) et, comme le <a href=\"https:\/\/webhosting.de\/fr\/qualite-du-reseau-de-telephonie-mobile-en-allemagne-augmentation-massive\/\">Test du r\u00e9seau CHIP 2020<\/a> a d\u00e9j\u00e0 donn\u00e9 lieu \u00e0 de premiers succ\u00e8s.<\/p>\n\n\n\n<p class=\"wp-block-paragraph\">Le nouveau partenariat de r\u00e9seau fixe permet \u00e0 Telef\u00f3nica d'approvisionner ses propres clients via le r\u00e9seau de fibres optiques de Vodafone. Des vitesses de t\u00e9l\u00e9chargement allant jusqu'\u00e0 250 Mbit\/s peuvent \u00eatre atteintes. Ceci est rendu possible par l'interconnexion des r\u00e9seaux \u00e0 de nombreux endroits et l'implantation de nouveaux logiciels.<\/p>","protected":false},"excerpt":{"rendered":"<p>Gr\u00e2ce \u00e0 un accord de coop\u00e9ration, Vodafone est en mesure d'offrir \u00e0 ses clients des connexions Internet via le r\u00e9seau en fibre optique de Telekom.<\/p>","protected":false},"author":2,"featured_media":6470,"comment_status":"open","ping_status":"open","sticky":false,"template":"","format":"standard","meta":{"_acf_changed":false,"_crdt_document":"","inline_featured_image":false,"footnotes":""},"categories":[685],"tags":[955,947,915],"class_list":["post-6469","post","type-post","status-publish","format-standard","has-post-thumbnail","hentry","category-allgemein","tag-ftth","tag-telekon","tag-vodafone"],"acf":[],"_wp_attached_file":null,"_wp_attachment_metadata":null,"litespeed-optimize-size":null,"litespeed-optimize-set":null,"_elementor_source_image_hash":null,"_wp_attachment_image_alt":null,"stockpack_author_name":null,"stockpack_author_url":null,"stockpack_provider":null,"stockpack_image_url":null,"stockpack_license":null,"stockpack_license_url":null,"stockpack_modification":null,"color":null,"original_id":null,"original_url":null,"original_link":null,"unsplash_location":null,"unsplash_sponsor":null,"unsplash_exif":null,"unsplash_attachment_metadata":null,"_elementor_is_screenshot":null,"surfer_file_name":null,"surfer_file_original_url":null,"envato_tk_source_kit":null,"envato_tk_source_index":null,"envato_tk_manifest":null,"envato_tk_folder_name":null,"envato_tk_builder":null,"envato_elements_download_event":null,"_menu_item_type":null,"_menu_item_menu_item_parent":null,"_menu_item_object_id":null,"_menu_item_object":null,"_menu_item_target":null,"_menu_item_classes":null,"_menu_item_xfn":null,"_menu_item_url":null,"_trp_menu_languages":null,"rank_math_primary_category":"685","rank_math_title":null,"inline_featured_image":null,"_yoast_wpseo_primary_category":"685","rank_math_schema_blogposting":null,"rank_math_schema_videoobject":null,"_oembed_049c719bc4a9f89deaead66a7da9fddc":null,"_oembed_time_049c719bc4a9f89deaead66a7da9fddc":null,"_yoast_wpseo_focuskw":null,"_yoast_wpseo_linkdex":null,"_oembed_27e3473bf8bec795fbeb3a9d38489348":null,"_oembed_c3b0f6959478faf92a1f343d8f96b19e":null,"_trp_translated_slug_en_us":null,"_wp_desired_post_slug":null,"_yoast_wpseo_title":null,"tldname":null,"tldpreis":null,"tldrubrik":null,"tldpolicylink":null,"tldsize":null,"tldregistrierungsdauer":null,"tldtransfer":null,"tldwhoisprivacy":null,"tldregistrarchange":null,"tldregistrantchange":null,"tldwhoisupdate":null,"tldnameserverupdate":null,"tlddeletesofort":null,"tlddeleteexpire":null,"tldumlaute":null,"tldrestore":null,"tldsubcategory":null,"tldbildname":null,"tldbildurl":null,"tldclean":null,"tldcategory":null,"tldpolicy":null,"tldbesonderheiten":null,"tld_bedeutung":null,"_oembed_d167040d816d8f94c072940c8009f5f8":null,"_oembed_b0a0fa59ef14f8870da2c63f2027d064":null,"_oembed_4792fa4dfb2a8f09ab950a73b7f313ba":null,"_oembed_33ceb1fe54a8ab775d9410abf699878d":null,"_oembed_fd7014d14d919b45ec004937c0db9335":null,"_oembed_21a029d076783ec3e8042698c351bd7e":null,"_oembed_be5ea8a0c7b18e658f08cc571a909452":null,"_oembed_a9ca7a298b19f9b48ec5914e010294d2":null,"_oembed_f8db6b27d08a2bb1f920e7647808899a":null,"_oembed_168ebde5096e77d8a89326519af9e022":null,"_oembed_cdb76f1b345b42743edfe25481b6f98f":null,"_oembed_87b0613611ae54e86e8864265404b0a1":null,"_oembed_27aa0e5cf3f1bb4bc416a4641a5ac273":null,"_oembed_time_27aa0e5cf3f1bb4bc416a4641a5ac273":null,"_tldname":null,"_tldclean":null,"_tldpreis":null,"_tldcategory":null,"_tldsubcategory":null,"_tldpolicy":null,"_tldpolicylink":null,"_tldsize":null,"_tldregistrierungsdauer":null,"_tldtransfer":null,"_tldwhoisprivacy":null,"_tldregistrarchange":null,"_tldregistrantchange":null,"_tldwhoisupdate":null,"_tldnameserverupdate":null,"_tlddeletesofort":null,"_tlddeleteexpire":null,"_tldumlaute":null,"_tldrestore":null,"_tldbildname":null,"_tldbildurl":null,"_tld_bedeutung":null,"_tldbesonderheiten":null,"_oembed_ad96e4112edb9f8ffa35731d4098bc6b":null,"_oembed_8357e2b8a2575c74ed5978f262a10126":null,"_oembed_3d5fea5103dd0d22ec5d6a33eff7f863":null,"_eael_widget_elements":null,"_oembed_0d8a206f09633e3d62b95a15a4dd0487":null,"_oembed_time_0d8a206f09633e3d62b95a15a4dd0487":null,"_aioseo_description":null,"_eb_attr":null,"_eb_data_table":null,"_oembed_819a879e7da16dd629cfd15a97334c8a":null,"_oembed_time_819a879e7da16dd629cfd15a97334c8a":null,"_acf_changed":null,"_wpcode_auto_insert":null,"_edit_last":"1","_edit_lock":"1608226975:1","_oembed_e7b913c6c84084ed9702cb4feb012ddd":null,"_oembed_bfde9e10f59a17b85fc8917fa7edf782":null,"_oembed_time_bfde9e10f59a17b85fc8917fa7edf782":null,"_oembed_03514b67990db061d7c4672de26dc514":null,"_oembed_time_03514b67990db061d7c4672de26dc514":null,"rank_math_news_sitemap_robots":"index","rank_math_robots":["index"],"_eael_post_view_count":"4240","_trp_automatically_translated_slug_ru_ru":null,"_trp_automatically_translated_slug_et":"german-telecom-opens-ftth-network-for-vodafone","_trp_automatically_translated_slug_lv":"vacu-telekomunikaciju-atverts-ftth-network-for-vodafone","_trp_automatically_translated_slug_fr_fr":null,"_trp_automatically_translated_slug_en_us":null,"_wp_old_slug":null,"_trp_automatically_translated_slug_da_dk":null,"_trp_automatically_translated_slug_pl_pl":null,"_trp_automatically_translated_slug_es_es":null,"_trp_automatically_translated_slug_hu_hu":null,"_trp_automatically_translated_slug_fi":"deutsche-telekom-oeffnet-ftth-netz-fuer-vodafone","_trp_automatically_translated_slug_ja":"%e3%83%89%e3%82%a4%e3%83%84%e3%83%86%e3%83%ac%e3%82%b3%e3%83%a0%e3%80%81%e3%83%9c%e3%83%bc%e3%83%80%e3%83%95%e3%82%a9%e3%83%b3%e3%81%ae%e3%81%9f%e3%82%81%e3%81%ae%e7%ac%ac%e4%ba%8c%e6%ac%a1%e3%83%8d","_trp_automatically_translated_slug_lt_lt":null,"_elementor_edit_mode":null,"_elementor_template_type":null,"_elementor_version":null,"_elementor_pro_version":null,"_wp_page_template":null,"_elementor_page_settings":null,"_elementor_data":null,"_elementor_css":null,"_elementor_conditions":null,"_happyaddons_elements_cache":null,"_oembed_75446120c39305f0da0ccd147f6de9cb":null,"_oembed_time_75446120c39305f0da0ccd147f6de9cb":null,"_oembed_3efb2c3e76a18143e7207993a2a6939a":null,"_oembed_time_3efb2c3e76a18143e7207993a2a6939a":null,"_oembed_59808117857ddf57e478a31d79f76e4d":null,"_oembed_time_59808117857ddf57e478a31d79f76e4d":null,"_oembed_965c5b49aa8d22ce37dfb3bde0268600":null,"_oembed_time_965c5b49aa8d22ce37dfb3bde0268600":null,"_oembed_81002f7ee3604f645db4ebcfd1912acf":null,"_oembed_time_81002f7ee3604f645db4ebcfd1912acf":null,"_elementor_screenshot":null,"_oembed_7ea3429961cf98fa85da9747683af827":null,"_oembed_time_7ea3429961cf98fa85da9747683af827":null,"_elementor_controls_usage":null,"_elementor_page_assets":[],"_elementor_screenshot_failed":null,"theplus_transient_widgets":["tp-video-player"],"_eael_custom_js":null,"_wp_old_date":null,"_trp_automatically_translated_slug_it_it":null,"_trp_automatically_translated_slug_pt_pt":null,"_trp_automatically_translated_slug_zh_cn":null,"_trp_automatically_translated_slug_nl_nl":null,"_trp_automatically_translated_slug_pt_br":null,"_trp_automatically_translated_slug_sv_se":null,"rank_math_analytic_object_id":"498","rank_math_internal_links_processed":null,"_trp_automatically_translated_slug_ro_ro":null,"_trp_automatically_translated_slug_sk_sk":null,"_trp_automatically_translated_slug_bg_bg":null,"_trp_automatically_translated_slug_sl_si":null,"litespeed_vpi_list":["webhostinglogo.png"],"litespeed_vpi_list_mobile":["webhostinglogo.png"],"rank_math_seo_score":null,"rank_math_contentai_score":null,"ilj_limitincominglinks":null,"ilj_maxincominglinks":null,"ilj_limitoutgoinglinks":null,"ilj_maxoutgoinglinks":null,"ilj_limitlinksperparagraph":null,"ilj_linksperparagraph":null,"ilj_blacklistdefinition":null,"ilj_linkdefinition":[],"_eb_reusable_block_ids":null,"rank_math_focus_keyword":null,"rank_math_og_content_image":null,"_yoast_wpseo_metadesc":"Vodafone kann durch eine Kooperation mit der Telekom \u00fcber deren Glasfasernetz seinen Kunden Internetanschl\u00fcsse anbieten.","_yoast_wpseo_content_score":"60","_yoast_wpseo_focuskeywords":"[]","_yoast_wpseo_keywordsynonyms":"[\"\"]","_yoast_wpseo_estimated-reading-time-minutes":null,"rank_math_description":"Vodafone kann durch eine Kooperation mit der Telekom \u00fcber deren Glasfasernetz seinen Kunden Internetanschl\u00fcsse anbieten.","surfer_last_post_update":null,"surfer_last_post_update_direction":null,"surfer_keywords":null,"surfer_location":null,"surfer_draft_id":null,"surfer_permalink_hash":null,"surfer_scrape_ready":null,"_thumbnail_id":"6470","footnotes":null,"_links":{"self":[{"href":"https:\/\/webhosting.de\/fr\/wp-json\/wp\/v2\/posts\/6469","targetHints":{"allow":["GET"]}}],"collection":[{"href":"https:\/\/webhosting.de\/fr\/wp-json\/wp\/v2\/posts"}],"about":[{"href":"https:\/\/webhosting.de\/fr\/wp-json\/wp\/v2\/types\/post"}],"author":[{"embeddable":true,"href":"https:\/\/webhosting.de\/fr\/wp-json\/wp\/v2\/users\/2"}],"replies":[{"embeddable":true,"href":"https:\/\/webhosting.de\/fr\/wp-json\/wp\/v2\/comments?post=6469"}],"version-history":[{"count":0,"href":"https:\/\/webhosting.de\/fr\/wp-json\/wp\/v2\/posts\/6469\/revisions"}],"wp:featuredmedia":[{"embeddable":true,"href":"https:\/\/webhosting.de\/fr\/wp-json\/wp\/v2\/media\/6470"}],"wp:attachment":[{"href":"https:\/\/webhosting.de\/fr\/wp-json\/wp\/v2\/media?parent=6469"}],"wp:term":[{"taxonomy":"category","embeddable":true,"href":"https:\/\/webhosting.de\/fr\/wp-json\/wp\/v2\/categories?post=6469"},{"taxonomy":"post_tag","embeddable":true,"href":"https:\/\/webhosting.de\/fr\/wp-json\/wp\/v2\/tags?post=6469"}],"curies":[{"name":"wp","href":"https:\/\/api.w.org\/{rel}","templated":true}]}}