{"id":6519,"date":"2021-01-13T07:28:20","date_gmt":"2021-01-13T06:28:20","guid":{"rendered":"https:\/\/webhosting.de\/?p=6519"},"modified":"2025-02-19T18:52:55","modified_gmt":"2025-02-19T17:52:55","slug":"parler-hackers-s-rubare-70-tbytes-di-rete-di-destra-dati","status":"publish","type":"post","link":"https:\/\/webhosting.de\/it\/parler-hacker-stehlen-70-tbyte-daten-des-rechten-netzwerks\/","title":{"rendered":"Parler - Gli hacker rubano 70 TByte di dati di rete di destra"},"content":{"rendered":"<p class=\"wp-block-paragraph\">Attivisti di Internet, secondo un post su <a href=\"https:\/\/www.reddit.com\/r\/ParlerWatch\/comments\/kuqvs3\/all_parler_user_data_is_being_downloaded_as_we\/giu04o6\/\" target=\"_blank\" rel=\"noreferrer noopener nofollow\">Reddit<\/a> circa 70 TByte <a href=\"https:\/\/webhosting.de\/it\/personenbezogene-daten-sozialen-netzwerken\/\">Dati<\/a> della piattaforma di social media Parler, che era popolare soprattutto tra gli estremisti di destra e i radicali di destra, \u00e8 stato rubato. Questo \u00e8 stato possibile perch\u00e9 la societ\u00e0 Twilio ha inavvertitamente rivelato in un comunicato stampa quali servizi cloud Parler utilizza per operare.<\/p>\n\n\n\n<p class=\"wp-block-paragraph\">Gli hacker hanno cos\u00ec imparato che non avevano bisogno di bypassare la conferma della posta o l'autenticazione a due fattori per scaricare le informazioni degli utenti di Parler, ma che il <a href=\"https:\/\/webhosting.de\/it\/bilder-fuer-blogs-verwenden-ist-zu-beachten\/\">immagini<\/a>, video e testi possono essere chiamati tramite un AOU pubblico del servizio.<\/p>\n\n\n\n<p class=\"wp-block-paragraph\">Gli hacker sono anche riusciti a resettare la password di un account di amministratore. Si dice che Twilio non abbia richiesto la vecchia password nel processo. Gli hacker hanno poi utilizzato l'account admin dirottato per impostare milioni di altri account con diritti di amministratore. Questo ha permesso a pi\u00f9 persone di aiutare a \"mettere al sicuro\" i dati.<\/p>\n\n\n\n<h2 class=\"wp-block-heading\" id=\"h-koordinierter-download-von-nutzerdaten\">Download coordinato dei dati utente<\/h2>\n\n\n\n<p class=\"wp-block-paragraph\">Per accelerare il download dei dati, gli hacker hanno creato un'immagine Docker che poteva essere scaricata e lanciata da altre persone. L'immagine conteneva un software che coordinava e scaricava automaticamente i dati dai server Parler. Questi dati sono stati poi memorizzati con vari host cloud per l'archiviazione.<\/p>\n\n\n\n<p class=\"wp-block-paragraph\">Secondo gli hacker, i dati saranno utilizzati, tra l'altro, dalle forze dell'ordine per avviare indagini contro gli utenti. Lo stato di \"cittadino verificato\", che gli utenti potrebbero ottenere da Parler caricando il fronte e il retro della loro patente, \u00e8 utile in questo caso. Anche queste immagini sono state rubate quando la piattaforma \u00e8 stata violata e possono identificare molti utenti.<\/p>\n\n\n\n<h2 class=\"wp-block-heading\" id=\"h-parler-l-schte-daten-nicht-wirklich\">Parler non ha effettivamente cancellato i dati<\/h2>\n\n\n\n<p class=\"wp-block-paragraph\">Fa inoltre il gioco degli hacker il fatto che Parler non cancelli effettivamente i dati cancellati dagli utenti, ma si limiti a spostarli in un archivio. Prima dell'assalto alla capitale il 6 gennaio 2021, molti utenti avevano criticato <a href=\"https:\/\/webhosting.de\/it\/wordpress-beitraege-erstellen-die-moeglichkeiten\/\">Contributi<\/a> \"cancellato\". Tuttavia, con i conti dell'amministratore, questo contenuto potrebbe ancora essere scaricato dall'hacker.<\/p>\n\n\n\n<p class=\"wp-block-paragraph\">Nel frattempo, anche gli estremisti di destra americani hanno confermato l'incidente e hanno dichiarato che gli utenti interessati della piattaforma non hanno pi\u00f9 modo di proteggersi dalla fuga di dati.<\/p>\n\n\n\n<figure class=\"wp-block-embed is-type-rich is-provider-twitter wp-block-embed-twitter\"><div class=\"wp-block-embed__wrapper\">\n<blockquote class=\"twitter-tweet\" data-width=\"550\" data-dnt=\"true\"><p lang=\"en\" dir=\"ltr\">ottimo lavoro a tutti <a href=\"https:\/\/t.co\/22gooTH4sl\">pic.twitter.com\/22gooTH4sl<\/a><\/p>- crash override (@donk_enby) <a href=\"https:\/\/twitter.com\/donk_enby\/status\/1348484125825658887?ref_src=twsrc%5Etfw\" target=\"_blank\" rel=\"noopener\">11 gennaio 2021<\/a><\/blockquote><script async src=\"https:\/\/platform.twitter.com\/widgets.js\" charset=\"utf-8\"><\/script>\n<\/div><\/figure>\n\n\n\n<p class=\"wp-block-paragraph\">Parler ha cessato le operazioni l'11 gennaio 2021. Tuttavia, questo non \u00e8 dovuto all'hacking riuscito, ma perch\u00e9 Amazon ha spento l'hosting. Gli operatori non sono ancora riusciti a trovare un nuovo hoster.<\/p>","protected":false},"excerpt":{"rendered":"<p>Gli hacker hanno rubato 70 TByte di dati utente da Parler, una piattaforma popolare tra gli estremisti di estrema destra e di estrema destra.<\/p>","protected":false},"author":2,"featured_media":6520,"comment_status":"open","ping_status":"open","sticky":false,"template":"","format":"standard","meta":{"_acf_changed":false,"_crdt_document":"","inline_featured_image":false,"footnotes":""},"categories":[685],"tags":[951,966],"class_list":["post-6519","post","type-post","status-publish","format-standard","has-post-thumbnail","hentry","category-allgemein","tag-hacker","tag-parler"],"acf":[],"_wp_attached_file":null,"_wp_attachment_metadata":null,"litespeed-optimize-size":null,"litespeed-optimize-set":null,"_elementor_source_image_hash":null,"_wp_attachment_image_alt":null,"stockpack_author_name":null,"stockpack_author_url":null,"stockpack_provider":null,"stockpack_image_url":null,"stockpack_license":null,"stockpack_license_url":null,"stockpack_modification":null,"color":null,"original_id":null,"original_url":null,"original_link":null,"unsplash_location":null,"unsplash_sponsor":null,"unsplash_exif":null,"unsplash_attachment_metadata":null,"_elementor_is_screenshot":null,"surfer_file_name":null,"surfer_file_original_url":null,"envato_tk_source_kit":null,"envato_tk_source_index":null,"envato_tk_manifest":null,"envato_tk_folder_name":null,"envato_tk_builder":null,"envato_elements_download_event":null,"_menu_item_type":null,"_menu_item_menu_item_parent":null,"_menu_item_object_id":null,"_menu_item_object":null,"_menu_item_target":null,"_menu_item_classes":null,"_menu_item_xfn":null,"_menu_item_url":null,"_trp_menu_languages":null,"rank_math_primary_category":"685","rank_math_title":null,"inline_featured_image":null,"_yoast_wpseo_primary_category":"691","rank_math_schema_blogposting":null,"rank_math_schema_videoobject":null,"_oembed_049c719bc4a9f89deaead66a7da9fddc":null,"_oembed_time_049c719bc4a9f89deaead66a7da9fddc":null,"_yoast_wpseo_focuskw":null,"_yoast_wpseo_linkdex":null,"_oembed_27e3473bf8bec795fbeb3a9d38489348":null,"_oembed_c3b0f6959478faf92a1f343d8f96b19e":null,"_trp_translated_slug_en_us":null,"_wp_desired_post_slug":null,"_yoast_wpseo_title":null,"tldname":null,"tldpreis":null,"tldrubrik":null,"tldpolicylink":null,"tldsize":null,"tldregistrierungsdauer":null,"tldtransfer":null,"tldwhoisprivacy":null,"tldregistrarchange":null,"tldregistrantchange":null,"tldwhoisupdate":null,"tldnameserverupdate":null,"tlddeletesofort":null,"tlddeleteexpire":null,"tldumlaute":null,"tldrestore":null,"tldsubcategory":null,"tldbildname":null,"tldbildurl":null,"tldclean":null,"tldcategory":null,"tldpolicy":null,"tldbesonderheiten":null,"tld_bedeutung":null,"_oembed_d167040d816d8f94c072940c8009f5f8":null,"_oembed_b0a0fa59ef14f8870da2c63f2027d064":null,"_oembed_4792fa4dfb2a8f09ab950a73b7f313ba":null,"_oembed_33ceb1fe54a8ab775d9410abf699878d":null,"_oembed_fd7014d14d919b45ec004937c0db9335":null,"_oembed_21a029d076783ec3e8042698c351bd7e":null,"_oembed_be5ea8a0c7b18e658f08cc571a909452":null,"_oembed_a9ca7a298b19f9b48ec5914e010294d2":null,"_oembed_f8db6b27d08a2bb1f920e7647808899a":null,"_oembed_168ebde5096e77d8a89326519af9e022":null,"_oembed_cdb76f1b345b42743edfe25481b6f98f":null,"_oembed_87b0613611ae54e86e8864265404b0a1":null,"_oembed_27aa0e5cf3f1bb4bc416a4641a5ac273":null,"_oembed_time_27aa0e5cf3f1bb4bc416a4641a5ac273":null,"_tldname":null,"_tldclean":null,"_tldpreis":null,"_tldcategory":null,"_tldsubcategory":null,"_tldpolicy":null,"_tldpolicylink":null,"_tldsize":null,"_tldregistrierungsdauer":null,"_tldtransfer":null,"_tldwhoisprivacy":null,"_tldregistrarchange":null,"_tldregistrantchange":null,"_tldwhoisupdate":null,"_tldnameserverupdate":null,"_tlddeletesofort":null,"_tlddeleteexpire":null,"_tldumlaute":null,"_tldrestore":null,"_tldbildname":null,"_tldbildurl":null,"_tld_bedeutung":null,"_tldbesonderheiten":null,"_oembed_ad96e4112edb9f8ffa35731d4098bc6b":null,"_oembed_8357e2b8a2575c74ed5978f262a10126":null,"_oembed_3d5fea5103dd0d22ec5d6a33eff7f863":null,"_eael_widget_elements":null,"_oembed_0d8a206f09633e3d62b95a15a4dd0487":null,"_oembed_time_0d8a206f09633e3d62b95a15a4dd0487":null,"_aioseo_description":null,"_eb_attr":null,"_eb_data_table":null,"_oembed_819a879e7da16dd629cfd15a97334c8a":null,"_oembed_time_819a879e7da16dd629cfd15a97334c8a":null,"_acf_changed":null,"_wpcode_auto_insert":null,"_edit_last":"1","_edit_lock":"1610519301:1","_oembed_e7b913c6c84084ed9702cb4feb012ddd":null,"_oembed_bfde9e10f59a17b85fc8917fa7edf782":null,"_oembed_time_bfde9e10f59a17b85fc8917fa7edf782":null,"_oembed_03514b67990db061d7c4672de26dc514":null,"_oembed_time_03514b67990db061d7c4672de26dc514":null,"rank_math_news_sitemap_robots":"index","rank_math_robots":["index"],"_eael_post_view_count":"4202","_trp_automatically_translated_slug_ru_ru":null,"_trp_automatically_translated_slug_et":"parler-hackers-steal-70-tbytes-of-right-network-data-parler-hackers-steal-70-tbytes-of-right-network-data","_trp_automatically_translated_slug_lv":"parler-hackers-steal-70-tbytes-of-right-network-data","_trp_automatically_translated_slug_fr_fr":null,"_trp_automatically_translated_slug_en_us":null,"_wp_old_slug":null,"_trp_automatically_translated_slug_da_dk":null,"_trp_automatically_translated_slug_pl_pl":null,"_trp_automatically_translated_slug_es_es":null,"_trp_automatically_translated_slug_hu_hu":null,"_trp_automatically_translated_slug_fi":"parler-hakkerit-varastavat-70-tbyte-tietoa-oikeasta-verkosta","_trp_automatically_translated_slug_ja":"%e3%83%91%e3%83%bc%e3%83%a9%e3%83%bc%e3%83%8f%e3%83%83%e3%82%ab%e3%83%bc%e3%81%8c70%e3%83%90%e3%82%a4%e3%83%88%e3%81%ae%e5%8f%b3%e3%83%8d%e3%83%83%e3%83%88%e3%83%af%e3%83%bc%e3%82%af%e3%83%87%e3%83%bc","_trp_automatically_translated_slug_lt_lt":null,"_elementor_edit_mode":null,"_elementor_template_type":null,"_elementor_version":null,"_elementor_pro_version":null,"_wp_page_template":null,"_elementor_page_settings":null,"_elementor_data":null,"_elementor_css":null,"_elementor_conditions":null,"_happyaddons_elements_cache":null,"_oembed_75446120c39305f0da0ccd147f6de9cb":"<blockquote class=\"twitter-tweet\" data-width=\"550\" data-dnt=\"true\"><p lang=\"en\" dir=\"ltr\">great job, everyone <a href=\"https:\/\/t.co\/22gooTH4sl\">pic.twitter.com\/22gooTH4sl<\/a><\/p>&mdash; crash override (@donk_enby) <a href=\"https:\/\/twitter.com\/donk_enby\/status\/1348484125825658887?ref_src=twsrc%5Etfw\">January 11, 2021<\/a><\/blockquote><script async src=\"https:\/\/platform.twitter.com\/widgets.js\" charset=\"utf-8\"><\/script>","_oembed_time_75446120c39305f0da0ccd147f6de9cb":"1610445513","_oembed_3efb2c3e76a18143e7207993a2a6939a":"<blockquote class=\"twitter-tweet\" data-width=\"550\" data-dnt=\"true\"><p lang=\"en\" dir=\"ltr\"><a href=\"https:\/\/twitter.com\/hashtag\/BREAKING?src=hash&amp;ref_src=twsrc%5Etfw\">#BREAKING<\/a>: Texas takes the lead once more! Today, we\u2019re filing a lawsuit against <a href=\"https:\/\/twitter.com\/hashtag\/Google?src=hash&amp;ref_src=twsrc%5Etfw\">#Google<\/a> for anticompetitive conduct.<br><br>This internet Goliath used its power to manipulate the market, destroy competition, and harm YOU, the consumer. Stay tuned\u2026 <a href=\"https:\/\/t.co\/fdEVEWQb0e\">pic.twitter.com\/fdEVEWQb0e<\/a><\/p>&mdash; Texas Attorney General (@TXAG) <a href=\"https:\/\/twitter.com\/TXAG\/status\/1339283520099856384?ref_src=twsrc%5Etfw\">December 16, 2020<\/a><\/blockquote><script async src=\"https:\/\/platform.twitter.com\/widgets.js\" charset=\"utf-8\"><\/script>","_oembed_time_3efb2c3e76a18143e7207993a2a6939a":"1610519302","_oembed_59808117857ddf57e478a31d79f76e4d":"<blockquote class=\"twitter-tweet\" data-width=\"550\" data-dnt=\"true\"><p lang=\"en\" dir=\"ltr\">Happy to follow-on report that a huge chunk of <a href=\"https:\/\/twitter.com\/Flickr?ref_src=twsrc%5Etfw\">@Flickr<\/a> compute just successfully made the transition to Graviton2 <a href=\"https:\/\/twitter.com\/Arm?ref_src=twsrc%5Etfw\">@ARM<\/a> in <a href=\"https:\/\/twitter.com\/awscloud?ref_src=twsrc%5Etfw\">@awscloud<\/a> this afternoon. More services coming shortly. My aim is to get to 100% of non-GPU <a href=\"https:\/\/twitter.com\/SmugMug?ref_src=twsrc%5Etfw\">@SmugMug<\/a> and <a href=\"https:\/\/twitter.com\/Flickr?ref_src=twsrc%5Etfw\">@Flickr<\/a> compute on ARM within the year. <a href=\"https:\/\/t.co\/fwXWdg06xx\">https:\/\/t.co\/fwXWdg06xx<\/a><\/p>&mdash; Don MacAskill (@DonMacAskill) <a href=\"https:\/\/twitter.com\/DonMacAskill\/status\/1314050996486561792?ref_src=twsrc%5Etfw\">October 8, 2020<\/a><\/blockquote><script async src=\"https:\/\/platform.twitter.com\/widgets.js\" charset=\"utf-8\"><\/script>","_oembed_time_59808117857ddf57e478a31d79f76e4d":"1610519302","_oembed_965c5b49aa8d22ce37dfb3bde0268600":"<blockquote class=\"twitter-tweet\" data-width=\"550\" data-dnt=\"true\"><p lang=\"de\" dir=\"ltr\">Der <a href=\"https:\/\/twitter.com\/hashtag\/Finanzausschuss?src=hash&amp;ref_src=twsrc%5Etfw\">#Finanzausschuss<\/a> im <a href=\"https:\/\/twitter.com\/hashtag\/Bundestag?src=hash&amp;ref_src=twsrc%5Etfw\">#Bundestag<\/a> hat das <a href=\"https:\/\/twitter.com\/hashtag\/Jahressteuergesetz?src=hash&amp;ref_src=twsrc%5Etfw\">#Jahressteuergesetz<\/a> beschlossen. Damit wurde auch die <a href=\"https:\/\/twitter.com\/hashtag\/Gemeinn%C3%BCtzigkeit?src=hash&amp;ref_src=twsrc%5Etfw\">#Gemeinn\u00fctzigkeit<\/a> f\u00fcr <a href=\"https:\/\/twitter.com\/hashtag\/Freifunk?src=hash&amp;ref_src=twsrc%5Etfw\">#Freifunk<\/a> Initiativen beschlossen. Das ganze geht jetzt in der kommenden Woche ins Plenum zur Abstimmung und direkt in den <a href=\"https:\/\/twitter.com\/hashtag\/Bundesrat?src=hash&amp;ref_src=twsrc%5Etfw\">#Bundesrat<\/a><\/p>&mdash; Jens Zimmermann (@JensZSPD) <a href=\"https:\/\/twitter.com\/JensZSPD\/status\/1336581821706989568?ref_src=twsrc%5Etfw\">December 9, 2020<\/a><\/blockquote><script async src=\"https:\/\/platform.twitter.com\/widgets.js\" charset=\"utf-8\"><\/script>","_oembed_time_965c5b49aa8d22ce37dfb3bde0268600":"1610519303","_oembed_81002f7ee3604f645db4ebcfd1912acf":"<iframe title=\"Netzetag bei der Telekom: Antennen, Breitband, Glasfaser\" width=\"800\" height=\"450\" src=\"https:\/\/www.youtube.com\/embed\/6_NTa3VCRFo?feature=oembed\" frameborder=\"0\" allow=\"accelerometer; autoplay; clipboard-write; encrypted-media; gyroscope; picture-in-picture\" allowfullscreen><\/iframe>","_oembed_time_81002f7ee3604f645db4ebcfd1912acf":"1610519303","_elementor_screenshot":null,"_oembed_7ea3429961cf98fa85da9747683af827":null,"_oembed_time_7ea3429961cf98fa85da9747683af827":null,"_elementor_controls_usage":null,"_elementor_page_assets":[],"_elementor_screenshot_failed":null,"theplus_transient_widgets":null,"_eael_custom_js":null,"_wp_old_date":"2021-01-12","_trp_automatically_translated_slug_it_it":null,"_trp_automatically_translated_slug_pt_pt":null,"_trp_automatically_translated_slug_zh_cn":null,"_trp_automatically_translated_slug_nl_nl":null,"_trp_automatically_translated_slug_pt_br":null,"_trp_automatically_translated_slug_sv_se":null,"rank_math_analytic_object_id":"486","rank_math_internal_links_processed":null,"_trp_automatically_translated_slug_ro_ro":null,"_trp_automatically_translated_slug_sk_sk":null,"_trp_automatically_translated_slug_bg_bg":null,"_trp_automatically_translated_slug_sl_si":null,"litespeed_vpi_list":["webhostinglogo.png"],"litespeed_vpi_list_mobile":["webhostinglogo.png"],"rank_math_seo_score":null,"rank_math_contentai_score":null,"ilj_limitincominglinks":null,"ilj_maxincominglinks":null,"ilj_limitoutgoinglinks":null,"ilj_maxoutgoinglinks":null,"ilj_limitlinksperparagraph":null,"ilj_linksperparagraph":null,"ilj_blacklistdefinition":null,"ilj_linkdefinition":[],"_eb_reusable_block_ids":null,"rank_math_focus_keyword":null,"rank_math_og_content_image":null,"_yoast_wpseo_metadesc":"Hacker haben 70 TByte Nutzerdaten der bei Rechtsextremen und Rechtsradikalen beliebten Plattform Parler gestohlen.","_yoast_wpseo_content_score":"60","_yoast_wpseo_focuskeywords":"[]","_yoast_wpseo_keywordsynonyms":"[\"\"]","_yoast_wpseo_estimated-reading-time-minutes":null,"rank_math_description":"Hacker haben 70 TByte Nutzerdaten der bei Rechtsextremen und Rechtsradikalen beliebten Plattform Parler gestohlen.","surfer_last_post_update":null,"surfer_last_post_update_direction":null,"surfer_keywords":null,"surfer_location":null,"surfer_draft_id":null,"surfer_permalink_hash":null,"surfer_scrape_ready":null,"_thumbnail_id":"6520","footnotes":null,"_links":{"self":[{"href":"https:\/\/webhosting.de\/it\/wp-json\/wp\/v2\/posts\/6519","targetHints":{"allow":["GET"]}}],"collection":[{"href":"https:\/\/webhosting.de\/it\/wp-json\/wp\/v2\/posts"}],"about":[{"href":"https:\/\/webhosting.de\/it\/wp-json\/wp\/v2\/types\/post"}],"author":[{"embeddable":true,"href":"https:\/\/webhosting.de\/it\/wp-json\/wp\/v2\/users\/2"}],"replies":[{"embeddable":true,"href":"https:\/\/webhosting.de\/it\/wp-json\/wp\/v2\/comments?post=6519"}],"version-history":[{"count":1,"href":"https:\/\/webhosting.de\/it\/wp-json\/wp\/v2\/posts\/6519\/revisions"}],"predecessor-version":[{"id":8433,"href":"https:\/\/webhosting.de\/it\/wp-json\/wp\/v2\/posts\/6519\/revisions\/8433"}],"wp:featuredmedia":[{"embeddable":true,"href":"https:\/\/webhosting.de\/it\/wp-json\/wp\/v2\/media\/6520"}],"wp:attachment":[{"href":"https:\/\/webhosting.de\/it\/wp-json\/wp\/v2\/media?parent=6519"}],"wp:term":[{"taxonomy":"category","embeddable":true,"href":"https:\/\/webhosting.de\/it\/wp-json\/wp\/v2\/categories?post=6519"},{"taxonomy":"post_tag","embeddable":true,"href":"https:\/\/webhosting.de\/it\/wp-json\/wp\/v2\/tags?post=6519"}],"curies":[{"name":"wp","href":"https:\/\/api.w.org\/{rel}","templated":true}]}}