{"id":4114,"date":"2020-10-30T22:35:45","date_gmt":"2020-10-30T21:35:45","guid":{"rendered":"https:\/\/webhosting.de\/?p=4114"},"modified":"2020-10-30T22:35:45","modified_gmt":"2020-10-30T21:35:45","slug":"personliga-data-sociala-naetverk","status":"publish","type":"post","link":"https:\/\/webhosting.de\/sv\/personenbezogene-daten-sozialen-netzwerken\/","title":{"rendered":"Personuppgifter i sociala n\u00e4tverk"},"content":{"rendered":"<p>Sociala n\u00e4tverk \u00e4r p\u00e5 modet. Det \u00e4r inte s\u00e5 konstigt: <a href=\"https:\/\/webhosting.de\/sv\/facebook-likes-kaufen-der-koenigsweg-zur-kundenvertreibung\/\">Facebook<\/a> &amp; Co. m\u00f6jligg\u00f6r snabb och okomplicerad kommunikation \u00f6ver hela v\u00e4rlden. Videor, <a href=\"https:\/\/webhosting.de\/sv\/bilder-fuer-blogs-verwenden-ist-zu-beachten\/\">Bilder<\/a> och kommentarer kan utbytas p\u00e5 n\u00e5gra sekunder. Vid f\u00f6rsta anblicken \u00e4r sociala n\u00e4tverk gratis: Vid en f\u00f6rsta anblick kan man snabbt se att f\u00f6retaget finansieras med personuppgifter. Personuppgifter samlas in i stor skala och anv\u00e4nds f\u00f6r att rikta annonser. Vi f\u00f6rklarar vad du beh\u00f6ver veta om personuppgifter. <\/p>\n<p>Personuppgifter i sociala n\u00e4tverk<\/p>\n<p>Sociala n\u00e4tverk \u00e4r utbredda och anv\u00e4nds av flera miljarder m\u00e4nniskor v\u00e4rlden \u00f6ver. Det \u00e4r allm\u00e4nt k\u00e4nt att n\u00e4tverken samlar in personuppgifter. De flesta anv\u00e4ndare vet inte vilka uppgifter som samlas in. Det mest anv\u00e4nda sociala n\u00e4tverket \u00e4r Facebook, och d\u00e4rf\u00f6r anv\u00e4nder vi det som exempel p\u00e5 insamling av personuppgifter. Facebooks anv\u00e4ndbarhet kan knappast f\u00f6rnekas: Genom att tillhandah\u00e5lla foton och videor samt dela inl\u00e4gg kan du utbyta information med v\u00e4nner och bekanta. Man kan diskutera n\u00e4tets inneh\u00e5ll och f\u00f6lja klubbers, f\u00f6reningars och partiers verksamhet. V\u00e4nner p\u00e5 andra sidan jordklotet kan l\u00e4tt n\u00e5s p\u00e5 n\u00e5gra sekunder. P\u00e5 andra sidan av myntet finns personuppgifter, med vilka den kostnadsfria tj\u00e4nsten \"ers\u00e4tts\". Facebook \u00e4r inte alls det enda sociala n\u00e4tverk som samlar in personuppgifter - den teknik och de metoder som leverant\u00f6rerna anv\u00e4nder \u00e4r i allm\u00e4nhet likv\u00e4rdiga. <\/p>\n<p>Grundl\u00e4ggande kunskaper om personuppgifter<\/p>\n<p>Internetanv\u00e4ndare m\u00e5ste r\u00e4kna med att uppgifter om dem kan samlas in n\u00e4r som helst - inte bara av sociala n\u00e4tverk. Vid varje aktivitet s\u00f6ks anv\u00e4ndarens uppgifter efter nyckelord f\u00f6r att kunna visa riktad reklam. Enskilda anv\u00e4ndares beteende sp\u00e5ras med hj\u00e4lp av programvaror f\u00f6r webbsp\u00e5rning och webbanalys. Cookies anv\u00e4nds f\u00f6r att sp\u00e5ra vilka webbsidor anv\u00e4ndarna bes\u00f6ker. Metoden f\u00f6r webbsp\u00e5rning \u00e4r ganska problematisk n\u00e4r det g\u00e4ller dataskydd: detta diskuteras fortfarande ganska lite offentligt - f\u00f6rmodligen p\u00e5 grund av bristande kunskap eller intresse. Under de senaste \u00e5ren har det h\u00e4nt mycket med sociala n\u00e4tverk som Facebook. Detta beror inte minst p\u00e5 enskilda anv\u00e4ndares engagemang. Facebook har flyttat sitt europeiska huvudkontor till Irland, d\u00e4r det finns j\u00e4mf\u00f6relsevis l\u00e4tta dataskyddsregler. P\u00e5 grund av detta \u00e4r det endast alleuropeiska best\u00e4mmelser som kan skapa en verklig gr\u00e4ns. Facebook fungerar inte som en detektivbyr\u00e5 som bara l\u00e4mnar ut uppgifter om sina anv\u00e4ndare. Facebook finansierar sig fr\u00e4mst genom att visa personliga annonser som \u00e4r riktade efter anv\u00e4ndarnas beteende. Facebook delar inte med sig av personuppgifter utan anv\u00e4ndarnas samtycke. Anv\u00e4ndarna sorteras bara i m\u00e5lgrupper som f\u00e5r individuella annonser. Eftersom m\u00e5nga n\u00e4tbutiker anv\u00e4nder webbsp\u00e5rning eller en Facebook-plugin vet Facebook vilka anv\u00e4ndare som under de senaste dagarna har s\u00f6kt p\u00e5 internet efter t.ex. kl\u00e4der eller k\u00f6k. <\/p>\n<p>Vilka uppgifter samlar Facebook in?<\/p>\n<p>Det sociala n\u00e4tverket Facebook samlar in olika uppgifter. Det handlar om registreringsuppgifter som namn, k\u00f6n, e-postadress, bostadsort och f\u00f6delsedag. Andra uppgifter som arbetsplats, skolg\u00e5ng, universitet och liknande \u00e4r frivilliga. Ytterligare uppgifter kan samlas in baserat p\u00e5 anv\u00e4ndarens beteende. Detta inkluderar kommentarer, \"Gilla\"-information, v\u00e4nskap, statusmeddelanden, grupper, evenemang, foton, videor, texter, chattar och l\u00e4nkar. N\u00e4r foton eller videoklipp laddas upp registreras plats och tid f\u00f6r inspelningen. Den slutenhet som uppgifterna kommer fr\u00e5n, t.ex. b\u00e4rbar dator, smartphone eller dator, filtreras ocks\u00e5 bort. <a href=\"https:\/\/webhosting.de\/sv\/ip-adresse\/\">IP-adress<\/a> och plats sparas ocks\u00e5 s\u00e5 att Facebook hela tiden vet var en anv\u00e4ndare befinner sig baserat p\u00e5 dennes smartphone (om motsvarande Facebook-app har installerats). S\u00e5 snart anv\u00e4ndare klickar p\u00e5 \"Gilla\"-knappar p\u00e5 webbplatser laddas tillh\u00f6rande data upp till Facebooks server. De data som \u00f6verf\u00f6rs omfattar spr\u00e5kinst\u00e4llningar, slutenhetens plats, webbl\u00e4sare, sk\u00e4rmuppl\u00f6sning, IP-adress och mycket mer. Facebook uppger att alla uppgifter raderas eller anonymiseras inom 90 dagar. <\/p>\n<p>R\u00e4tt till tillg\u00e5ng till personuppgifter<\/p>\n<p>Enligt EU-lagstiftningen kan alla anv\u00e4ndare beg\u00e4ra information om personuppgifter som har samlats in om dem. Facebook samlar in s\u00e5 stora m\u00e4ngder data att hela \"data-DVD:er\" ibland m\u00e5ste skickas. Det sociala n\u00e4tverket ger varje anv\u00e4ndare en l\u00e4nk i avsnittet \"Allm\u00e4nna kontoinst\u00e4llningar\" som heter \"Ladda ner en kopia av dina Facebook-data\". D\u00e4refter kan anv\u00e4ndaren v\u00e4lja mellan ett normalt arkiv eller ett avancerat arkiv. Det \"normala arkivet\" inneh\u00e5ller personuppgifter, v\u00e4nlistor, foton, h\u00e4ndelser och alla privata meddelanden. Det ut\u00f6kade arkivet visar fler uppgifter, t.ex. inloggningar, aktiva sessioner, cookies, klick p\u00e5 annonser, chattloggar, appar och platser. \u00c4ven om du inte bryr dig om de sociala n\u00e4tverkens frenetiska datainsamling \u00e4r det intressant att se vilka uppgifter om ditt privatliv som g\u00f6rs tillg\u00e4ngliga f\u00f6r ett privat f\u00f6retag. Det \u00e4r s\u00e4rskilt v\u00e4rt att notera att Facebook kan samla in personuppgifter \u00e4ven n\u00e4r personen i fr\u00e5ga inte alls \u00e4r inloggad p\u00e5 Facebook. Via andra webbplatser eller adressb\u00f6cker fr\u00e5n v\u00e4nner och bekanta \u00e4r det fullt m\u00f6jligt att skapa filer om en helt fr\u00e4mmande person. Dessa uppgifter kan beg\u00e4ras via e-postadressen datarequest@fb.com. Alternativt finns ett formul\u00e4r p\u00e5 Facebook. M\u00f6jligheten att beg\u00e4ra ut personuppgifter g\u00e5r tillbaka till aktivister som har ut\u00f6vat enorma p\u00e5tryckningar p\u00e5 Facebook. Ett av de mest framg\u00e5ngsrika projekten var \"Europa mot Facebook\", som riktade in sig p\u00e5 det sociala n\u00e4tverket Facebook med avseende p\u00e5 dataskydd. Den h\u00f6gsta europeiska dataskyddsmyndigheten, som ligger p\u00e5 Irland, tog upp de kritiserade argumenten i sin utredningsrapport och h\u00f6ll d\u00e4rmed med om anv\u00e4ndarprojektets uttalanden. \u00c5r 2012 skapade Facebook m\u00f6jligheten att ladda ner personuppgifter.<\/p>\n<p>Att radera ett Facebook-konto - sv\u00e5rare \u00e4n du tror<\/p>\n<p>Anv\u00e4ndare som vill radera sitt Facebook-konto beh\u00f6ver bara klicka p\u00e5 en \"radera\"-knapp, eller hur? I praktiken \u00e4r det inte s\u00e5 l\u00e4tt att radera ett Facebook-konto. Det sociala n\u00e4tverket erbjuder sina anv\u00e4ndare endast m\u00f6jligheten att avaktivera kontot. Personuppgifter och inst\u00e4llningar beh\u00e5lls fortfarande. Dessa kan inte l\u00e4ngre ses - men de finns fortfarande kvar i Facebooks minne. De som senare best\u00e4mmer sig f\u00f6r att anv\u00e4nda Facebook igen kan b\u00f6rja d\u00e4r de slutade. Om du vill radera ditt konto m\u00e5ste du beg\u00e4ra att det raderas. Denna process kan ta upp till 14 dagar och kan avbrytas p\u00e5 anv\u00e4ndarens beg\u00e4ran. Om 14-dagarsperioden har l\u00f6pt ut kan det ta ytterligare 90 dagar att radera personuppgifter. Det \u00e4r v\u00e4rt att n\u00e4mna att personuppgifter fortfarande kan finnas kvar vid denna tidpunkt. Den som har laddat upp foton som sedan har delats av v\u00e4nner raderar inte de delade bilderna. De m\u00e5ste tas bort fr\u00e5n personens sida. Chattmeddelanden till andra anv\u00e4ndare finns ocks\u00e5 kvar p\u00e5 deras konton. Anv\u00e4ndaren m\u00e5ste d\u00e4rf\u00f6r be sina v\u00e4nner att radera bilderna och chattloggarna. <\/p>\n<p>Personuppgifter och brottsbek\u00e4mpning<\/p>\n<p>Insamling av data fr\u00e5n sociala n\u00e4tverk som Facebook orsakar stora problem. De brottsbek\u00e4mpande myndigheterna arbetar redan med uppgifter som publiceras p\u00e5 Facebook. M\u00e5nga uppgifter \u00e4r offentligt tillg\u00e4ngliga och kan ses av alla anv\u00e4ndare. Begr\u00e4nsade anv\u00e4ndardata som endast kan ses av v\u00e4nner eller Facebook sj\u00e4lvt kan ocks\u00e5 ses av brottsbek\u00e4mpande myndigheter. Detta kr\u00e4ver ett domstolsbeslut som Facebook m\u00e5ste f\u00e5 i f\u00f6rv\u00e4g. Antalet domstolsbeslut av det h\u00e4r slaget \u00e4r numera s\u00e5 stort att Facebook har en egen avdelning f\u00f6r s\u00e5dana fall. \u00c5r 2010 publicerade det sociala n\u00e4tverket till och med riktlinjer f\u00f6r brottsbek\u00e4mpande myndigheter. <\/p>\n<p>Personuppgifter och arbetsgivare<\/p>\n<p>Arbetsgivare \u00e4r mycket intresserade av personuppgifter fr\u00e5n sociala n\u00e4tverk. Det \u00e4r inte s\u00e5 konstigt: med hj\u00e4lp av dessa kan man skapa en relativt tillf\u00f6rlitlig s\u00f6karprofil. Vissa arbetsgivare i USA fr\u00e5gade i anst\u00e4llningsintervjuer om den s\u00f6kande skulle bli v\u00e4n med dem p\u00e5 ett socialt n\u00e4tverk. Erfarenhetsm\u00e4ssigt \u00e4r detta inte vanligt och \u00e4r f\u00f6rbjudet i Tyskland i alla fall. Det \u00e4r dock vanligt att anst\u00e4llda som kritiserat sina chefer eller sitt f\u00f6retag p\u00e5 sociala n\u00e4tverk f\u00e5r en varning. De exakta r\u00e4ttsliga konsekvenserna beror alltid p\u00e5 det enskilda fallet och kan inte generaliseras. <\/p>\n<p>Diskriminering p\u00e5 grund av personuppgifter<\/p>\n<p>Facebook f\u00f6rs\u00e4krar uttryckligen sina anv\u00e4ndare om att personuppgifter kommer att anonymiseras. Potentiella s\u00f6kande missgynnas dock indirekt i m\u00e5nga situationer. Facebook-anv\u00e4ndare delas in i grupper f\u00f6r reklam\u00e4ndam\u00e5l. Arbetsgivare som l\u00e4gger ut platsannonser v\u00e4ljer m\u00e5lgrupper som \"akademiker, jurist och under 25 \u00e5r\". Potentiella anst\u00e4llda som inte h\u00f6r till denna grupp missgynnas i f\u00f6rv\u00e4g. Anv\u00e4ndare utanf\u00f6r denna grupp f\u00e5r inga l\u00e4mpliga annonser alls. F\u00f6rutom yrkesm\u00e4ssiga aspekter kan information fr\u00e5n sociala n\u00e4tverk anv\u00e4ndas f\u00f6r att bed\u00f6ma enskilda anv\u00e4ndares kreditv\u00e4rdighet. Kreditinstitut som Schufa har redan tidigare unders\u00f6kt hur s\u00e5dana uppgifter kan anv\u00e4ndas. Efter protester fr\u00e5n Facebook-anv\u00e4ndare upph\u00f6rde Schufa med sitt arbete. <\/p>\n<p>Facebook-systemet<\/p>\n<p>Sociala n\u00e4tverk bygger p\u00e5 ett ganska enkelt system: ju fler anv\u00e4ndare ett n\u00e4tverk har, desto h\u00f6gre \u00e4r annonsint\u00e4kterna. I princip m\u00e5ste varje anv\u00e4ndare sj\u00e4lv avg\u00f6ra i vilken utstr\u00e4ckning han eller hon litar p\u00e5 ett n\u00e4tverk som Facebook. Eftersom Facebook vill beh\u00e5lla ett stort antal anv\u00e4ndare beh\u00f6ver f\u00f6retaget kanske inte n\u00e5gra st\u00f6rre skandaler. Dataskyddsf\u00f6retr\u00e4dare kritiserar att Facebook f\u00f6rinst\u00e4ller sekretessinst\u00e4llningar n\u00e4r de \u00e4ndrar sina tj\u00e4nster. S\u00e5 snart nya funktioner integreras st\u00e4lls de in p\u00e5 ett s\u00e5dant s\u00e4tt att de f\u00e5r status som \"offentliga\". Anv\u00e4ndarna m\u00e5ste d\u00e4rf\u00f6r aktivt informera sig om vilka tj\u00e4nster och funktioner Facebook lanserar och i vilken riktning sekretessinst\u00e4llningarna \u00e4ndras.<\/p>","protected":false},"excerpt":{"rendered":"<p>Soziale Netzwerke liegen im Trend. Kein Wunder: Facebook &#038; Co. erm\u00f6glichen eine schnelle und unkomplizierte Kommunikation \u00fcber den gesamten Erdball. Videos, Bilder und Kommentare k\u00f6nnen in Sekundenschnelle ausgetauscht werden. Soziale Netzwerke sind auf den ersten Blick kostenlos: Auf den zweiten Blick kann recht schnell erkannt werden, dass sich das Unternehmen durch personenbezogene Daten finanziert. Personenbezogene [&hellip;]<\/p>\n","protected":false},"author":1,"featured_media":499,"comment_status":"open","ping_status":"open","sticky":false,"template":"","format":"standard","meta":{"_acf_changed":false,"_crdt_document":"","inline_featured_image":false,"footnotes":""},"categories":[674],"tags":[11,48],"class_list":["post-4114","post","type-post","status-publish","format-standard","has-post-thumbnail","hentry","category-web_hosting","tag-facebook","tag-social-media"],"acf":[],"_wp_attached_file":null,"_wp_attachment_metadata":null,"litespeed-optimize-size":null,"litespeed-optimize-set":null,"_elementor_source_image_hash":null,"_wp_attachment_image_alt":null,"stockpack_author_name":null,"stockpack_author_url":null,"stockpack_provider":null,"stockpack_image_url":null,"stockpack_license":null,"stockpack_license_url":null,"stockpack_modification":null,"color":null,"original_id":null,"original_url":null,"original_link":null,"unsplash_location":null,"unsplash_sponsor":null,"unsplash_exif":null,"unsplash_attachment_metadata":null,"_elementor_is_screenshot":null,"surfer_file_name":null,"surfer_file_original_url":null,"envato_tk_source_kit":null,"envato_tk_source_index":null,"envato_tk_manifest":null,"envato_tk_folder_name":null,"envato_tk_builder":null,"envato_elements_download_event":null,"_menu_item_type":null,"_menu_item_menu_item_parent":null,"_menu_item_object_id":null,"_menu_item_object":null,"_menu_item_target":null,"_menu_item_classes":null,"_menu_item_xfn":null,"_menu_item_url":null,"_trp_menu_languages":null,"rank_math_primary_category":null,"rank_math_title":null,"inline_featured_image":null,"_yoast_wpseo_primary_category":null,"rank_math_schema_blogposting":null,"rank_math_schema_videoobject":null,"_oembed_049c719bc4a9f89deaead66a7da9fddc":null,"_oembed_time_049c719bc4a9f89deaead66a7da9fddc":null,"_yoast_wpseo_focuskw":"daten","_yoast_wpseo_linkdex":null,"_oembed_27e3473bf8bec795fbeb3a9d38489348":null,"_oembed_c3b0f6959478faf92a1f343d8f96b19e":null,"_trp_translated_slug_en_us":null,"_wp_desired_post_slug":null,"_yoast_wpseo_title":null,"tldname":null,"tldpreis":null,"tldrubrik":null,"tldpolicylink":null,"tldsize":null,"tldregistrierungsdauer":null,"tldtransfer":null,"tldwhoisprivacy":null,"tldregistrarchange":null,"tldregistrantchange":null,"tldwhoisupdate":null,"tldnameserverupdate":null,"tlddeletesofort":null,"tlddeleteexpire":null,"tldumlaute":null,"tldrestore":null,"tldsubcategory":null,"tldbildname":null,"tldbildurl":null,"tldclean":null,"tldcategory":null,"tldpolicy":null,"tldbesonderheiten":null,"tld_bedeutung":null,"_oembed_d167040d816d8f94c072940c8009f5f8":null,"_oembed_b0a0fa59ef14f8870da2c63f2027d064":null,"_oembed_4792fa4dfb2a8f09ab950a73b7f313ba":null,"_oembed_33ceb1fe54a8ab775d9410abf699878d":null,"_oembed_fd7014d14d919b45ec004937c0db9335":null,"_oembed_21a029d076783ec3e8042698c351bd7e":null,"_oembed_be5ea8a0c7b18e658f08cc571a909452":null,"_oembed_a9ca7a298b19f9b48ec5914e010294d2":null,"_oembed_f8db6b27d08a2bb1f920e7647808899a":null,"_oembed_168ebde5096e77d8a89326519af9e022":null,"_oembed_cdb76f1b345b42743edfe25481b6f98f":null,"_oembed_87b0613611ae54e86e8864265404b0a1":null,"_oembed_27aa0e5cf3f1bb4bc416a4641a5ac273":null,"_oembed_time_27aa0e5cf3f1bb4bc416a4641a5ac273":null,"_tldname":null,"_tldclean":null,"_tldpreis":null,"_tldcategory":null,"_tldsubcategory":null,"_tldpolicy":null,"_tldpolicylink":null,"_tldsize":null,"_tldregistrierungsdauer":null,"_tldtransfer":null,"_tldwhoisprivacy":null,"_tldregistrarchange":null,"_tldregistrantchange":null,"_tldwhoisupdate":null,"_tldnameserverupdate":null,"_tlddeletesofort":null,"_tlddeleteexpire":null,"_tldumlaute":null,"_tldrestore":null,"_tldbildname":null,"_tldbildurl":null,"_tld_bedeutung":null,"_tldbesonderheiten":null,"_oembed_ad96e4112edb9f8ffa35731d4098bc6b":null,"_oembed_8357e2b8a2575c74ed5978f262a10126":null,"_oembed_3d5fea5103dd0d22ec5d6a33eff7f863":null,"_eael_widget_elements":null,"_oembed_0d8a206f09633e3d62b95a15a4dd0487":null,"_oembed_time_0d8a206f09633e3d62b95a15a4dd0487":null,"_aioseo_description":null,"_eb_attr":null,"_eb_data_table":null,"_oembed_819a879e7da16dd629cfd15a97334c8a":null,"_oembed_time_819a879e7da16dd629cfd15a97334c8a":null,"_acf_changed":null,"_wpcode_auto_insert":null,"_edit_last":null,"_edit_lock":null,"_oembed_e7b913c6c84084ed9702cb4feb012ddd":null,"_oembed_bfde9e10f59a17b85fc8917fa7edf782":null,"_oembed_time_bfde9e10f59a17b85fc8917fa7edf782":null,"_oembed_03514b67990db061d7c4672de26dc514":null,"_oembed_time_03514b67990db061d7c4672de26dc514":null,"rank_math_news_sitemap_robots":"index","rank_math_robots":["index"],"_eael_post_view_count":"5441","_trp_automatically_translated_slug_ru_ru":null,"_trp_automatically_translated_slug_et":"personal-data-social-networks","_trp_automatically_translated_slug_lv":"personal-data-social-networks","_trp_automatically_translated_slug_fr_fr":null,"_trp_automatically_translated_slug_en_us":null,"_wp_old_slug":null,"_trp_automatically_translated_slug_da_dk":null,"_trp_automatically_translated_slug_pl_pl":null,"_trp_automatically_translated_slug_es_es":null,"_trp_automatically_translated_slug_hu_hu":null,"_trp_automatically_translated_slug_fi":"personal-data-social-networks","_trp_automatically_translated_slug_ja":"%e3%83%91%e3%83%bc%e3%82%bd%e3%83%8a%e3%83%ab%e3%83%87%e3%83%bc%e3%82%bf%e3%82%bd%e3%83%bc%e3%82%b7%e3%83%a3%e3%83%ab%e3%83%8d%e3%83%83%e3%83%88%e3%83%af%e3%83%bc%e3%82%af","_trp_automatically_translated_slug_lt_lt":null,"_elementor_edit_mode":null,"_elementor_template_type":null,"_elementor_version":null,"_elementor_pro_version":null,"_wp_page_template":"default","_elementor_page_settings":null,"_elementor_data":null,"_elementor_css":null,"_elementor_conditions":null,"_happyaddons_elements_cache":null,"_oembed_75446120c39305f0da0ccd147f6de9cb":null,"_oembed_time_75446120c39305f0da0ccd147f6de9cb":null,"_oembed_3efb2c3e76a18143e7207993a2a6939a":null,"_oembed_time_3efb2c3e76a18143e7207993a2a6939a":null,"_oembed_59808117857ddf57e478a31d79f76e4d":null,"_oembed_time_59808117857ddf57e478a31d79f76e4d":null,"_oembed_965c5b49aa8d22ce37dfb3bde0268600":null,"_oembed_time_965c5b49aa8d22ce37dfb3bde0268600":null,"_oembed_81002f7ee3604f645db4ebcfd1912acf":null,"_oembed_time_81002f7ee3604f645db4ebcfd1912acf":null,"_elementor_screenshot":null,"_oembed_7ea3429961cf98fa85da9747683af827":null,"_oembed_time_7ea3429961cf98fa85da9747683af827":null,"_elementor_controls_usage":null,"_elementor_page_assets":[],"_elementor_screenshot_failed":null,"theplus_transient_widgets":["tp-video-player"],"_eael_custom_js":null,"_wp_old_date":null,"_trp_automatically_translated_slug_it_it":null,"_trp_automatically_translated_slug_pt_pt":null,"_trp_automatically_translated_slug_zh_cn":null,"_trp_automatically_translated_slug_nl_nl":null,"_trp_automatically_translated_slug_pt_br":null,"_trp_automatically_translated_slug_sv_se":null,"rank_math_analytic_object_id":"803","rank_math_internal_links_processed":null,"_trp_automatically_translated_slug_ro_ro":null,"_trp_automatically_translated_slug_sk_sk":null,"_trp_automatically_translated_slug_bg_bg":null,"_trp_automatically_translated_slug_sl_si":null,"litespeed_vpi_list":["webhostinglogo.png"],"litespeed_vpi_list_mobile":["webhostinglogo.png"],"rank_math_seo_score":null,"rank_math_contentai_score":null,"ilj_limitincominglinks":null,"ilj_maxincominglinks":null,"ilj_limitoutgoinglinks":null,"ilj_maxoutgoinglinks":null,"ilj_limitlinksperparagraph":null,"ilj_linksperparagraph":null,"ilj_blacklistdefinition":null,"ilj_linkdefinition":["personenbezogene daten in sozialen netzwerken","daten"],"_eb_reusable_block_ids":null,"rank_math_focus_keyword":"daten","rank_math_og_content_image":null,"_yoast_wpseo_metadesc":"Soziale Netzwerke liegen im Trend. Kein Wunder: Facebook & Co. erm\u00f6glichen eine schnelle und unkomplizierte Kommunikation \u00fcber den gesamten Erdball.","_yoast_wpseo_content_score":null,"_yoast_wpseo_focuskeywords":null,"_yoast_wpseo_keywordsynonyms":null,"_yoast_wpseo_estimated-reading-time-minutes":null,"rank_math_description":"Soziale Netzwerke liegen im Trend. Kein Wunder: Facebook & Co. erm\u00f6glichen eine schnelle und unkomplizierte Kommunikation \u00fcber den gesamten Erdball.","surfer_last_post_update":null,"surfer_last_post_update_direction":null,"surfer_keywords":null,"surfer_location":null,"surfer_draft_id":null,"surfer_permalink_hash":null,"surfer_scrape_ready":null,"_thumbnail_id":"499","footnotes":null,"_links":{"self":[{"href":"https:\/\/webhosting.de\/sv\/wp-json\/wp\/v2\/posts\/4114","targetHints":{"allow":["GET"]}}],"collection":[{"href":"https:\/\/webhosting.de\/sv\/wp-json\/wp\/v2\/posts"}],"about":[{"href":"https:\/\/webhosting.de\/sv\/wp-json\/wp\/v2\/types\/post"}],"author":[{"embeddable":true,"href":"https:\/\/webhosting.de\/sv\/wp-json\/wp\/v2\/users\/1"}],"replies":[{"embeddable":true,"href":"https:\/\/webhosting.de\/sv\/wp-json\/wp\/v2\/comments?post=4114"}],"version-history":[{"count":0,"href":"https:\/\/webhosting.de\/sv\/wp-json\/wp\/v2\/posts\/4114\/revisions"}],"wp:featuredmedia":[{"embeddable":true,"href":"https:\/\/webhosting.de\/sv\/wp-json\/wp\/v2\/media\/499"}],"wp:attachment":[{"href":"https:\/\/webhosting.de\/sv\/wp-json\/wp\/v2\/media?parent=4114"}],"wp:term":[{"taxonomy":"category","embeddable":true,"href":"https:\/\/webhosting.de\/sv\/wp-json\/wp\/v2\/categories?post=4114"},{"taxonomy":"post_tag","embeddable":true,"href":"https:\/\/webhosting.de\/sv\/wp-json\/wp\/v2\/tags?post=4114"}],"curies":[{"name":"wp","href":"https:\/\/api.w.org\/{rel}","templated":true}]}}